{"id":122084,"date":"2017-09-27T00:23:34","date_gmt":"2017-09-27T03:23:34","guid":{"rendered":"https:\/\/www.redenoticia.com.br\/noticia\/?p=122084"},"modified":"2017-09-26T15:44:40","modified_gmt":"2017-09-26T18:44:40","slug":"prova-do-encceja-tem-nova-data","status":"publish","type":"post","link":"https:\/\/migracao.redenoticia.com.br\/noticia\/2017\/prova-do-encceja-tem-nova-data\/122084","title":{"rendered":"Prova do Encceja tem nova data"},"content":{"rendered":"<p> O Exame Nacional para Certifica\u00e7\u00e3o de Compet\u00eancias de Jovens e Adultos ser\u00e1 aplicado no dia 19 de novembro. A altera\u00e7\u00e3o da data do\u00a0\u00a0ocorreu em raz\u00e3o de um atraso na homologa\u00e7\u00e3o da licita\u00e7\u00e3o, o que inviabilizou a distribui\u00e7\u00e3o dos participantes nos locais de prova dentro do cronograma.<\/p>\n<p>O exame de 2017 teve 1.573.862 inscritos, de acordo com o Inep, Instituto Nacional de Estudos e Pesquisas Educacionais An\u00edsio Teixeira. Deste total, 301.583 far\u00e3o provas para o\u00a0\u00a0e 1.272.279 para o\u00a0. S\u00e3o Paulo foi o estado do Brasil com o maior n\u00famero de interessados para a certifica\u00e7\u00e3o do Ensino M\u00e9dio, com 233.056 inscri\u00e7\u00f5es.<\/p>\n<p>Tamb\u00e9m ter\u00e1 nova data o exame para pessoas privadas de liberdade e jovens sob medida socioeducativa (Encceja PPL): as provas ser\u00e3o nos dias 21 e 22 de novembro. A retifica\u00e7\u00e3o foi publicada pelo Inep no Di\u00e1rio Oficial da Uni\u00e3o.<\/p>\n<p>Os hor\u00e1rios das duas avalia\u00e7\u00f5es foram igualmente alterados pelo Inep, para garantir que todos os candidatos possam acessar os locais de prova com mais comodidade e seguran\u00e7a. J\u00e1 que o exame ser\u00e1 aplicado durante o per\u00edodo de vig\u00eancia do poss\u00edvel hor\u00e1rio de ver\u00e3o em v\u00e1rios estados, os hor\u00e1rios do turno matutino e vespertino foram atrasados em uma hora.<\/p>\n<p>Conte\u00fado do exame<\/p>\n<p>Os candidatos ser\u00e3o submetidos a provas com quest\u00f5es m\u00faltipla escolha (30 por disciplina) e uma reda\u00e7\u00e3o. As \u00e1reas de conhecimento do Fundamental s\u00e3o: L\u00edngua Portuguesa, L\u00edngua Estrangeira Moderna, Artes, Educa\u00e7\u00e3o F\u00edsica, Matem\u00e1tica, Hist\u00f3ria e Geografia e Ci\u00eancias Naturais. Para o Ensino M\u00e9dio, a prova aborda quest\u00f5es de Linguagens, C\u00f3digos e suas Tecnologias, Matem\u00e1tica e suas Tecnologias e Ci\u00eancias Humanas e suas Tecnologias.<\/p>\n<p>Para obter o certificado ou declara\u00e7\u00e3o de profici\u00eancia, o participante deve fazer, no m\u00ednimo, 100 pontos em cada uma das \u00e1reas de conhecimento, al\u00e9m da profici\u00eancia em reda\u00e7\u00e3o, cuja nota m\u00ednima \u00e9 de 5 pontos, numa escala que varia de zero a dez pontos.<\/p>\n<p>Aplicado pelo Inep, o Encceja oferece oportunidade gratuita de finaliza\u00e7\u00e3o dos estudos. A prova tamb\u00e9m testa as habilidades, compet\u00eancias e saberes obtidos ao longo do processo de escolariza\u00e7\u00e3o ou em processos formativos.<\/p>\n<p>Do Portal do Governo SP<\/p>\n","protected":false},"excerpt":{"rendered":"<p>O Exame Nacional para Certifica\u00e7\u00e3o de Compet\u00eancias de Jovens e Adultos ser\u00e1 aplicado no dia 19 de novembro. A altera\u00e7\u00e3o da data do\u00a0\u00a0ocorreu em raz\u00e3o de um atraso na homologa\u00e7\u00e3o da licita\u00e7\u00e3o, o que inviabilizou a distribui\u00e7\u00e3o dos participantes nos locais de prova dentro do cronograma. O exame de 2017 teve 1.573.862 inscritos, de acordo [&hellip;]<\/p>\n","protected":false},"author":2,"featured_media":36244,"comment_status":"open","ping_status":"closed","sticky":false,"template":"","format":"standard","meta":{"tdm_status":"","tdm_grid_status":"","footnotes":""},"categories":[22,370,295],"tags":[],"class_list":{"0":"post-122084","1":"post","2":"type-post","3":"status-publish","4":"format-standard","5":"has-post-thumbnail","7":"category-brasil","8":"category-inscricao","9":"category-vestibular"},"_links":{"self":[{"href":"https:\/\/migracao.redenoticia.com.br\/noticia\/wp-json\/wp\/v2\/posts\/122084","targetHints":{"allow":["GET"]}}],"collection":[{"href":"https:\/\/migracao.redenoticia.com.br\/noticia\/wp-json\/wp\/v2\/posts"}],"about":[{"href":"https:\/\/migracao.redenoticia.com.br\/noticia\/wp-json\/wp\/v2\/types\/post"}],"author":[{"embeddable":true,"href":"https:\/\/migracao.redenoticia.com.br\/noticia\/wp-json\/wp\/v2\/users\/2"}],"replies":[{"embeddable":true,"href":"https:\/\/migracao.redenoticia.com.br\/noticia\/wp-json\/wp\/v2\/comments?post=122084"}],"version-history":[{"count":0,"href":"https:\/\/migracao.redenoticia.com.br\/noticia\/wp-json\/wp\/v2\/posts\/122084\/revisions"}],"wp:featuredmedia":[{"embeddable":true,"href":"https:\/\/migracao.redenoticia.com.br\/noticia\/wp-json\/wp\/v2\/media\/36244"}],"wp:attachment":[{"href":"https:\/\/migracao.redenoticia.com.br\/noticia\/wp-json\/wp\/v2\/media?parent=122084"}],"wp:term":[{"taxonomy":"category","embeddable":true,"href":"https:\/\/migracao.redenoticia.com.br\/noticia\/wp-json\/wp\/v2\/categories?post=122084"},{"taxonomy":"post_tag","embeddable":true,"href":"https:\/\/migracao.redenoticia.com.br\/noticia\/wp-json\/wp\/v2\/tags?post=122084"}],"curies":[{"name":"wp","href":"https:\/\/api.w.org\/{rel}","templated":true}]}}