{"id":122229,"date":"2017-09-27T16:32:35","date_gmt":"2017-09-27T19:32:35","guid":{"rendered":"https:\/\/www.redenoticia.com.br\/noticia\/?p=122229"},"modified":"2017-09-27T16:28:47","modified_gmt":"2017-09-27T19:28:47","slug":"resumo-novela-carinha-de-anjo-2809-gustavo-e-cecilia-dao-as-maos","status":"publish","type":"post","link":"https:\/\/migracao.redenoticia.com.br\/noticia\/2017\/resumo-novela-carinha-de-anjo-2809-gustavo-e-cecilia-dao-as-maos\/122229","title":{"rendered":"Resumo novela \u201cCarinha de Anjo\u201d 28\/09: Gustavo e Cec\u00edlia d\u00e3o as m\u00e3os"},"content":{"rendered":"<p><img loading=\"lazy\" decoding=\"async\" class=\"alignleft size-thumbnail wp-image-99331\" src=\"https:\/\/migracao.redenoticia.com.br\/noticia\/imagens\/carinha_de_anjo_sbt_novela_resumo_capitulo-150x112.jpg\" alt=\"carinha_de_anjo_sbt_novela_resumo_capitulo\" width=\"150\" height=\"112\" srcset=\"https:\/\/migracao.redenoticia.com.br\/noticia\/imagens\/carinha_de_anjo_sbt_novela_resumo_capitulo-150x112.jpg 150w, https:\/\/migracao.redenoticia.com.br\/noticia\/imagens\/carinha_de_anjo_sbt_novela_resumo_capitulo-265x198.jpg 265w\" sizes=\"auto, (max-width: 150px) 100vw, 150px\" \/><strong><em>Resumo novela \u201cCarinha de Anjo\u201d 28\/09<\/em><\/strong>: no cap\u00edtulo 224(*) da novela \u201cCarinha de Anjo\u201d, resumo de quinta-feira, 28 de setembro, Crist\u00f3v\u00e3o ajuda F\u00e1tima no \u201cLePf\u201d durante o casamento de Vitor e Estef\u00e2nia. No col\u00e9gio, as meninas querem tentar convencer a Madre Superiora a liberar elas jogarem futebol. In\u00e1cio diz para Diana e Zeca que o misterioso empres\u00e1rio Rodrigo Antunes gostou da voz de Zeca e que ir\u00e1 at\u00e9 a casa deles. Os tr\u00eas comemoram. Cec\u00edlia, Gustavo, Em\u00edlio e Dulce Maria chegam na pousada da praia. Sozinha, Cec\u00edlia fica envergonhada em ter que se trocar para vestir pela primeira vez um mai\u00f4. Cec\u00edlia chega com Dulce Maria vestida com o mai\u00f4. Os quatro brincam na areia. Gustavo e Cec\u00edlia d\u00e3o as m\u00e3os em um momento em que est\u00e3o a s\u00f3s.<\/p>\n<p>(*) edi\u00e7\u00e3o do SBT, Novela \u201cCarinha de Anjo\u201d, sujeito a altera\u00e7\u00e3o de data e conte\u00fado.<\/p>\n<p>Carinha de Anjo \u00e9 uma telenovela brasileira produzida e exibida originalmente pelo SBT desde o dia 21 de novembro de 2016, substituindo o hor\u00e1rio anteriormente ocupado por C\u00famplices de um Resgate. A telenovela \u00e9 inspirada na mexicana Carita de \u00e1ngel, que, por sua vez, \u00e9 um remake de Mundo de juguete, ambas produzidas pela Televisa e que haviam sido baseadas na trama argentina escrita por Abel Santa Cruz, Pap\u00e1 coraz\u00f3n. Esta ser\u00e1 a segunda adapta\u00e7\u00e3o brasileira da obra original argentina, visto que a Rede Tupi apresentou em 1976 a sua primeira vers\u00e3o, chamada de Papai Cora\u00e7\u00e3o. A nova vers\u00e3o \u00e9 escrita por Leonor Corr\u00eaa, com supervis\u00e3o de \u00cdris Abravanel e dire\u00e7\u00e3o geral de Ricardo Mantoanelli. A trama conta com Lorena Queiroz, Bia Arantes, Carlo Porto, Priscila Sol, Dani Gondim, Karin Hils, Eliana Guttman e Lucero nos pap\u00e9is principais.<\/p>\n","protected":false},"excerpt":{"rendered":"<p>Resumo novela \u201cCarinha de Anjo\u201d 28\/09: no cap\u00edtulo 224(*) da novela \u201cCarinha de Anjo\u201d, resumo de quinta-feira, 28 de setembro, Crist\u00f3v\u00e3o ajuda F\u00e1tima no \u201cLePf\u201d durante o casamento de Vitor e Estef\u00e2nia. No col\u00e9gio, as meninas querem tentar convencer a Madre Superiora a liberar elas jogarem futebol. In\u00e1cio diz para Diana e Zeca que o [&hellip;]<\/p>\n","protected":false},"author":4,"featured_media":99331,"comment_status":"open","ping_status":"closed","sticky":false,"template":"","format":"standard","meta":{"tdm_status":"","tdm_grid_status":"","footnotes":""},"categories":[452,379,372,343],"tags":[441],"class_list":{"0":"post-122229","1":"post","2":"type-post","3":"status-publish","4":"format-standard","5":"has-post-thumbnail","7":"category-carinha-de-anjo","8":"category-novelas","9":"category-sbt","10":"category-televisao","11":"tag-resumo-do-dia"},"_links":{"self":[{"href":"https:\/\/migracao.redenoticia.com.br\/noticia\/wp-json\/wp\/v2\/posts\/122229","targetHints":{"allow":["GET"]}}],"collection":[{"href":"https:\/\/migracao.redenoticia.com.br\/noticia\/wp-json\/wp\/v2\/posts"}],"about":[{"href":"https:\/\/migracao.redenoticia.com.br\/noticia\/wp-json\/wp\/v2\/types\/post"}],"author":[{"embeddable":true,"href":"https:\/\/migracao.redenoticia.com.br\/noticia\/wp-json\/wp\/v2\/users\/4"}],"replies":[{"embeddable":true,"href":"https:\/\/migracao.redenoticia.com.br\/noticia\/wp-json\/wp\/v2\/comments?post=122229"}],"version-history":[{"count":0,"href":"https:\/\/migracao.redenoticia.com.br\/noticia\/wp-json\/wp\/v2\/posts\/122229\/revisions"}],"wp:featuredmedia":[{"embeddable":true,"href":"https:\/\/migracao.redenoticia.com.br\/noticia\/wp-json\/wp\/v2\/media\/99331"}],"wp:attachment":[{"href":"https:\/\/migracao.redenoticia.com.br\/noticia\/wp-json\/wp\/v2\/media?parent=122229"}],"wp:term":[{"taxonomy":"category","embeddable":true,"href":"https:\/\/migracao.redenoticia.com.br\/noticia\/wp-json\/wp\/v2\/categories?post=122229"},{"taxonomy":"post_tag","embeddable":true,"href":"https:\/\/migracao.redenoticia.com.br\/noticia\/wp-json\/wp\/v2\/tags?post=122229"}],"curies":[{"name":"wp","href":"https:\/\/api.w.org\/{rel}","templated":true}]}}