{"id":122231,"date":"2017-09-27T16:33:08","date_gmt":"2017-09-27T19:33:08","guid":{"rendered":"https:\/\/www.redenoticia.com.br\/noticia\/?p=122231"},"modified":"2017-09-27T16:30:00","modified_gmt":"2017-09-27T19:30:00","slug":"resumo-novela-chiquititas-2809-mili-nao-consegue-esquecer-mosca","status":"publish","type":"post","link":"https:\/\/migracao.redenoticia.com.br\/noticia\/2017\/resumo-novela-chiquititas-2809-mili-nao-consegue-esquecer-mosca\/122231","title":{"rendered":"Resumo novela \u201cChiquititas\u201d 28\/09: Mili n\u00e3o consegue esquecer Mosca"},"content":{"rendered":"<p><img loading=\"lazy\" decoding=\"async\" class=\"alignleft size-thumbnail wp-image-49690\" src=\"https:\/\/migracao.redenoticia.com.br\/noticia\/imagens\/chiquititas1-150x112.jpg\" alt=\"chiquititas\" width=\"150\" height=\"112\" \/><strong><em>Resumo novela \u201cChiquititas\u201d 28\/09<\/em><\/strong>: no cap\u00edtulo 273(*) da novela \u201cChiquititas\u201d, resumo de quinta-feira, 28 de setembro, Cris diz para Mili que falou para Mosca que acredita que os dois devem ficar livres para namorar, por\u00e9m Vivi, que j\u00e1 namorou Mosca, continua contra. Mili diz para Cris que quando JP apareceu ela pensou que conseguiria esquecer Mosca, mas isso n\u00e3o aconteceu. Junior diz para Maria Cec\u00edlia que se ela terminar com Tobias para agradar Eduarda, se arrepender\u00e1 muito no futuro. Dani vai passar o final de semana na casa do pai, Bruno. Eduarda sugere para Carmen repaginar o look para poder ser uma das \u201cDamas da Caridade\u201d. Eduarda sugere uma personalstylist, que na verdade \u00e9 Shirley Santana. Vivi estuda para as provas. As meninas tentam construir uma casa na \u00e1rvore para elas. Clarita diz que Francis e Beto precisam mostrar com atitudes que gostam dela de verdade. Na Fran\u00e7a, Gabriela est\u00e1 decidida a voltar para o Brasil e assim recuperar sua mem\u00f3ria.<\/p>\n<p>(*) edi\u00e7\u00e3o do SBT, Novela \u201cChiquititas\u201d, sujeito a altera\u00e7\u00e3o de data e conte\u00fado.<\/p>\n<p>Chiquititas gira em torno do orfanato Raio de Luz, que carrega em sua hist\u00f3ria um grande segredo envolvendo a fam\u00edlia e o dono do orfanato, Dr. Jos\u00e9 Ricardo Almeida Campos. Em um per\u00edodo anterior \u00e0 novela, exatos treze anos, sua filha Gabriela se apaixonou e ficou gr\u00e1vida de Miguel, filho de Valentina, empregada da casa dos Almeida Campos. Pouco depois, Jos\u00e9 Ricardo sequestrou sua neta, pois, como um homem conservador, ele n\u00e3o aceitava a ideia de que sua filha se envolvesse com um empregado. Como sua neta, Milena, apelidada como Mili, precisava de um lugar para morar, ele comprou um casar\u00e3o e fundou um orfanato, o Raio de Luz. Mili cresceu l\u00e1 com outras garotas que chegaram posteriormente: Bia, Ana, as irm\u00e3s Tati e Vivi, e Cris. Ao decorrer dos anos, elas se tornam uma fam\u00edlia. Elas s\u00e3o supervisionadas por Ernestina, zeladora do orfanato, e Chico, o cozinheiro amado pelas internas. Sofia, ex-governanta da fam\u00edlia Almeida Campos, \u00e9 a diretora do lugar, at\u00e9 que Carmem, irm\u00e3 de Jos\u00e9 Ricardo, entre em seu lugar. Chegam ainda mais \u00f3rf\u00e3os: Pata, Mosca, Binho e Rafa, que viviam nas ruas antes de entrarem na institui\u00e7\u00e3o. Pata e Mili tornam-se amigas rapidamente, enquanto Mosca, Binho e Rafa s\u00e3o os primeiros garotos a entrar no abrigo. As crian\u00e7as sem-teto foram ajudadas por uma doce e bela garota que tocam e mudam a vida delas, assim como as das garotas \u00f3rf\u00e3s.<\/p>\n","protected":false},"excerpt":{"rendered":"<p>Resumo novela \u201cChiquititas\u201d 28\/09: no cap\u00edtulo 273(*) da novela \u201cChiquititas\u201d, resumo de quinta-feira, 28 de setembro, Cris diz para Mili que falou para Mosca que acredita que os dois devem ficar livres para namorar, por\u00e9m Vivi, que j\u00e1 namorou Mosca, continua contra. Mili diz para Cris que quando JP apareceu ela pensou que conseguiria esquecer [&hellip;]<\/p>\n","protected":false},"author":4,"featured_media":49690,"comment_status":"open","ping_status":"closed","sticky":false,"template":"","format":"standard","meta":{"tdm_status":"","tdm_grid_status":"","footnotes":""},"categories":[409,379,372,343],"tags":[441],"class_list":{"0":"post-122231","1":"post","2":"type-post","3":"status-publish","4":"format-standard","5":"has-post-thumbnail","7":"category-chiquititas","8":"category-novelas","9":"category-sbt","10":"category-televisao","11":"tag-resumo-do-dia"},"_links":{"self":[{"href":"https:\/\/migracao.redenoticia.com.br\/noticia\/wp-json\/wp\/v2\/posts\/122231","targetHints":{"allow":["GET"]}}],"collection":[{"href":"https:\/\/migracao.redenoticia.com.br\/noticia\/wp-json\/wp\/v2\/posts"}],"about":[{"href":"https:\/\/migracao.redenoticia.com.br\/noticia\/wp-json\/wp\/v2\/types\/post"}],"author":[{"embeddable":true,"href":"https:\/\/migracao.redenoticia.com.br\/noticia\/wp-json\/wp\/v2\/users\/4"}],"replies":[{"embeddable":true,"href":"https:\/\/migracao.redenoticia.com.br\/noticia\/wp-json\/wp\/v2\/comments?post=122231"}],"version-history":[{"count":0,"href":"https:\/\/migracao.redenoticia.com.br\/noticia\/wp-json\/wp\/v2\/posts\/122231\/revisions"}],"wp:featuredmedia":[{"embeddable":true,"href":"https:\/\/migracao.redenoticia.com.br\/noticia\/wp-json\/wp\/v2\/media\/49690"}],"wp:attachment":[{"href":"https:\/\/migracao.redenoticia.com.br\/noticia\/wp-json\/wp\/v2\/media?parent=122231"}],"wp:term":[{"taxonomy":"category","embeddable":true,"href":"https:\/\/migracao.redenoticia.com.br\/noticia\/wp-json\/wp\/v2\/categories?post=122231"},{"taxonomy":"post_tag","embeddable":true,"href":"https:\/\/migracao.redenoticia.com.br\/noticia\/wp-json\/wp\/v2\/tags?post=122231"}],"curies":[{"name":"wp","href":"https:\/\/api.w.org\/{rel}","templated":true}]}}