{"id":122235,"date":"2017-09-27T16:35:59","date_gmt":"2017-09-27T19:35:59","guid":{"rendered":"https:\/\/www.redenoticia.com.br\/noticia\/?p=122235"},"modified":"2017-09-27T16:33:29","modified_gmt":"2017-09-27T19:33:29","slug":"resumo-novela-malhacao-2809-bene-e-guto-se-apresentam-na-balada","status":"publish","type":"post","link":"https:\/\/migracao.redenoticia.com.br\/noticia\/2017\/resumo-novela-malhacao-2809-bene-e-guto-se-apresentam-na-balada\/122235","title":{"rendered":"Resumo novela \u201cMalha\u00e7\u00e3o\u201d 28\/09: Ben\u00ea e Guto se apresentam na Balada"},"content":{"rendered":"<p><img loading=\"lazy\" decoding=\"async\" class=\"alignleft size-thumbnail wp-image-110075\" src=\"https:\/\/migracao.redenoticia.com.br\/noticia\/imagens\/malhacao-viva-a-diferenca-150x112.jpg\" alt=\"\" width=\"150\" height=\"112\" srcset=\"https:\/\/migracao.redenoticia.com.br\/noticia\/imagens\/malhacao-viva-a-diferenca-150x112.jpg 150w, https:\/\/migracao.redenoticia.com.br\/noticia\/imagens\/malhacao-viva-a-diferenca-265x198.jpg 265w\" sizes=\"auto, (max-width: 150px) 100vw, 150px\" \/><strong><em>Resumo novela \u201cMalha\u00e7\u00e3o\u201d 28\/09<\/em><\/strong>: no cap\u00edtulo 103(*) da novela \u201cMalha\u00e7\u00e3o\u201d, resumo de quinta-feira, 28 de setembro, Lica conta para Clara sobre o sentimento por B\u00f3ris. Ellen conversa com Tina e Anderson sobre a prova. Tato agradece o apoio de Keyla, e K2 se incomoda. Ningu\u00e9m ri da apresenta\u00e7\u00e3o de Juca, \u00e0 exce\u00e7\u00e3o de Ben\u00ea. Anderson se irrita com a aproxima\u00e7\u00e3o entre Max e Tina. MB anuncia a Lica que ele e Felipe compuseram uma m\u00fasica em sua homenagem. K1 sente ci\u00fames da m\u00fasica de MB para Lica. A Balada Cultural \u00e9 um sucesso. Ben\u00ea tem uma crise de ansiedade, mas enfrenta seus medos para se apresentar ao lado de Guto.<\/p>\n<p>(*) edi\u00e7\u00e3o da Rede Globo, Novela \u201cMalha\u00e7\u00e3o\u201d, sujeito a altera\u00e7\u00e3o de data e conte\u00fado.<\/p>\n<p>A vig\u00e9sima quinta temporada da s\u00e9rie de televis\u00e3o brasileira Malha\u00e7\u00e3o, produzida pela Rede Globo, \u00e9 escrita por Cao Hamburger, com colabora\u00e7\u00e3o de Jaqueline Vargas, Luciana Pessanha, Vitor Brandt e Carolina Ziskind, e conta com a dire\u00e7\u00e3o de Paulo Silvestrini. Pela primeira vez ap\u00f3s vinte e quatro temporadas, a novela ser\u00e1 ambientada nas zonas leste e sul da cidade de S\u00e3o Paulo. A trama \u00e9 protagonizada por Gabriela Medvedovski, Heslaine Vieira, Ana Hikari, Manoela Aliperti e Daphne Bozaski. O elenco tamb\u00e9m \u00e9 composto por Matheus Abreu, Hall Mendes, Juan Piava, Gabriel Calamari, Bruno Gadiol, Giovanna Grigio, Aline Fanju, L\u00facio Mauro Filho, Malu Galli, Angelo Ant\u00f4nio, Daniela Galli, Marcello Antony, Isabella Scherer, Talita Younan e Carol Macedo nos papeis principais.<\/p>\n","protected":false},"excerpt":{"rendered":"<p>Resumo novela \u201cMalha\u00e7\u00e3o\u201d 28\/09: no cap\u00edtulo 103(*) da novela \u201cMalha\u00e7\u00e3o\u201d, resumo de quinta-feira, 28 de setembro, Lica conta para Clara sobre o sentimento por B\u00f3ris. Ellen conversa com Tina e Anderson sobre a prova. Tato agradece o apoio de Keyla, e K2 se incomoda. Ningu\u00e9m ri da apresenta\u00e7\u00e3o de Juca, \u00e0 exce\u00e7\u00e3o de Ben\u00ea. Anderson [&hellip;]<\/p>\n","protected":false},"author":4,"featured_media":110072,"comment_status":"open","ping_status":"closed","sticky":false,"template":"","format":"standard","meta":{"tdm_status":"","tdm_grid_status":"","footnotes":""},"categories":[447,379,375,343],"tags":[441],"class_list":{"0":"post-122235","1":"post","2":"type-post","3":"status-publish","4":"format-standard","5":"has-post-thumbnail","7":"category-malhacao","8":"category-novelas","9":"category-rede-globo","10":"category-televisao","11":"tag-resumo-do-dia"},"_links":{"self":[{"href":"https:\/\/migracao.redenoticia.com.br\/noticia\/wp-json\/wp\/v2\/posts\/122235","targetHints":{"allow":["GET"]}}],"collection":[{"href":"https:\/\/migracao.redenoticia.com.br\/noticia\/wp-json\/wp\/v2\/posts"}],"about":[{"href":"https:\/\/migracao.redenoticia.com.br\/noticia\/wp-json\/wp\/v2\/types\/post"}],"author":[{"embeddable":true,"href":"https:\/\/migracao.redenoticia.com.br\/noticia\/wp-json\/wp\/v2\/users\/4"}],"replies":[{"embeddable":true,"href":"https:\/\/migracao.redenoticia.com.br\/noticia\/wp-json\/wp\/v2\/comments?post=122235"}],"version-history":[{"count":0,"href":"https:\/\/migracao.redenoticia.com.br\/noticia\/wp-json\/wp\/v2\/posts\/122235\/revisions"}],"wp:featuredmedia":[{"embeddable":true,"href":"https:\/\/migracao.redenoticia.com.br\/noticia\/wp-json\/wp\/v2\/media\/110072"}],"wp:attachment":[{"href":"https:\/\/migracao.redenoticia.com.br\/noticia\/wp-json\/wp\/v2\/media?parent=122235"}],"wp:term":[{"taxonomy":"category","embeddable":true,"href":"https:\/\/migracao.redenoticia.com.br\/noticia\/wp-json\/wp\/v2\/categories?post=122235"},{"taxonomy":"post_tag","embeddable":true,"href":"https:\/\/migracao.redenoticia.com.br\/noticia\/wp-json\/wp\/v2\/tags?post=122235"}],"curies":[{"name":"wp","href":"https:\/\/api.w.org\/{rel}","templated":true}]}}