{"id":122239,"date":"2017-09-27T16:37:45","date_gmt":"2017-09-27T19:37:45","guid":{"rendered":"https:\/\/www.redenoticia.com.br\/noticia\/?p=122239"},"modified":"2017-09-27T16:37:04","modified_gmt":"2017-09-27T19:37:04","slug":"resumo-novela-pega-pega-2809-sandra-helena-e-reconhecida-como-herdeira","status":"publish","type":"post","link":"https:\/\/migracao.redenoticia.com.br\/noticia\/2017\/resumo-novela-pega-pega-2809-sandra-helena-e-reconhecida-como-herdeira\/122239","title":{"rendered":"Resumo novela \u201cPega Pega\u201d 28\/09: Sandra Helena \u00e9 reconhecida como herdeira"},"content":{"rendered":"<p><img loading=\"lazy\" decoding=\"async\" class=\"alignleft size-thumbnail wp-image-114640\" src=\"https:\/\/migracao.redenoticia.com.br\/noticia\/imagens\/pega-pega-globo-novela-resumo-150x112.jpg\" alt=\"\" width=\"150\" height=\"112\" srcset=\"https:\/\/migracao.redenoticia.com.br\/noticia\/imagens\/pega-pega-globo-novela-resumo-150x112.jpg 150w, https:\/\/migracao.redenoticia.com.br\/noticia\/imagens\/pega-pega-globo-novela-resumo-265x198.jpg 265w\" sizes=\"auto, (max-width: 150px) 100vw, 150px\" \/><strong><em>Resumo novela \u201cPega Pega\u201d 28\/09<\/em><\/strong>: no cap\u00edtulo 099(*) da novela \u201cPega Pega\u201d, resumo de quinta-feira, 28 de setembro, Malagueta descobre que algu\u00e9m furtou o envelope com as provas do acidente de Mirella de sua gaveta. Dom\u00eanico avisa a Ant\u00f4nia que Agnaldo revelou a participa\u00e7\u00e3o de Sandra Helena no roubo. T\u00e2nia fotografa Eric entrando na su\u00edte de Sandra Helena. Sabine repreende Malagueta por n\u00e3o t\u00ea-la avisado das provas periciais do acidente de Mirella. Arlete exige que Pedrinho pe\u00e7a desculpas a R\u00fabia pelo modo como a tratou. Malagueta orienta Agnaldo a mentir no depoimento oficial sobre a participa\u00e7\u00e3o de Sandra Helena. Sergio comunica a Sandra Helena que o juiz a reconheceu como herdeira de Marieta. Malagueta revela a Sabine que, para ter o controle da empresa, ela deve ser a tutora de Bebeth.<\/p>\n<p>(*) edi\u00e7\u00e3o da Rede Globo, Novela \u201cPega Pega\u201d, sujeito a altera\u00e7\u00e3o de data e conte\u00fado.<\/p>\n<p>Pega Pega \u00e9 uma telenovela brasileira produzida pela Rede Globo, para o hor\u00e1rio das 19 horas. Ambientada no Rio de Janeiro, entre os bairros de Copacabana e Tijuca, Pega Pega tem como trama central o roubo ao Hotel Carioca Palace e seus desdobramentos na vida de cada um dos envolvidos, sejam eles h\u00f3spedes, suspeitos ou convidados do grande baile de gala. Assinando a autoria de uma novela pela primeira vez, Claudia Souto prop\u00f5e falar de \u00e9tica com bom humor, sob o ponto de vista de pessoas comuns.<\/p>\n","protected":false},"excerpt":{"rendered":"<p>Resumo novela \u201cPega Pega\u201d 28\/09: no cap\u00edtulo 099(*) da novela \u201cPega Pega\u201d, resumo de quinta-feira, 28 de setembro, Malagueta descobre que algu\u00e9m furtou o envelope com as provas do acidente de Mirella de sua gaveta. Dom\u00eanico avisa a Ant\u00f4nia que Agnaldo revelou a participa\u00e7\u00e3o de Sandra Helena no roubo. T\u00e2nia fotografa Eric entrando na su\u00edte [&hellip;]<\/p>\n","protected":false},"author":4,"featured_media":114640,"comment_status":"open","ping_status":"closed","sticky":false,"template":"","format":"standard","meta":{"tdm_status":"","tdm_grid_status":"","footnotes":""},"categories":[379,375,343],"tags":[441],"class_list":{"0":"post-122239","1":"post","2":"type-post","3":"status-publish","4":"format-standard","5":"has-post-thumbnail","7":"category-novelas","8":"category-rede-globo","9":"category-televisao","10":"tag-resumo-do-dia"},"_links":{"self":[{"href":"https:\/\/migracao.redenoticia.com.br\/noticia\/wp-json\/wp\/v2\/posts\/122239","targetHints":{"allow":["GET"]}}],"collection":[{"href":"https:\/\/migracao.redenoticia.com.br\/noticia\/wp-json\/wp\/v2\/posts"}],"about":[{"href":"https:\/\/migracao.redenoticia.com.br\/noticia\/wp-json\/wp\/v2\/types\/post"}],"author":[{"embeddable":true,"href":"https:\/\/migracao.redenoticia.com.br\/noticia\/wp-json\/wp\/v2\/users\/4"}],"replies":[{"embeddable":true,"href":"https:\/\/migracao.redenoticia.com.br\/noticia\/wp-json\/wp\/v2\/comments?post=122239"}],"version-history":[{"count":0,"href":"https:\/\/migracao.redenoticia.com.br\/noticia\/wp-json\/wp\/v2\/posts\/122239\/revisions"}],"wp:featuredmedia":[{"embeddable":true,"href":"https:\/\/migracao.redenoticia.com.br\/noticia\/wp-json\/wp\/v2\/media\/114640"}],"wp:attachment":[{"href":"https:\/\/migracao.redenoticia.com.br\/noticia\/wp-json\/wp\/v2\/media?parent=122239"}],"wp:term":[{"taxonomy":"category","embeddable":true,"href":"https:\/\/migracao.redenoticia.com.br\/noticia\/wp-json\/wp\/v2\/categories?post=122239"},{"taxonomy":"post_tag","embeddable":true,"href":"https:\/\/migracao.redenoticia.com.br\/noticia\/wp-json\/wp\/v2\/tags?post=122239"}],"curies":[{"name":"wp","href":"https:\/\/api.w.org\/{rel}","templated":true}]}}