{"id":122388,"date":"2017-09-30T00:09:14","date_gmt":"2017-09-30T03:09:14","guid":{"rendered":"https:\/\/www.redenoticia.com.br\/noticia\/?p=122388"},"modified":"2017-09-29T16:34:18","modified_gmt":"2017-09-29T19:34:18","slug":"resumo-novela-malhacao-0210-ellen-vai-estudar-no-colegio-grupo","status":"publish","type":"post","link":"https:\/\/migracao.redenoticia.com.br\/noticia\/2017\/resumo-novela-malhacao-0210-ellen-vai-estudar-no-colegio-grupo\/122388","title":{"rendered":"Resumo novela \u201cMalha\u00e7\u00e3o\u201d 02\/10: Ellen vai estudar no Col\u00e9gio Grupo"},"content":{"rendered":"<p> <img loading=\"lazy\" decoding=\"async\" class=\"alignleft size-thumbnail wp-image-110075\" src=\"https:\/\/migracao.redenoticia.com.br\/noticia\/imagens\/malhacao-viva-a-diferenca-150x112.jpg\" alt=\"\" width=\"150\" height=\"112\" srcset=\"https:\/\/migracao.redenoticia.com.br\/noticia\/imagens\/malhacao-viva-a-diferenca-150x112.jpg 150w, https:\/\/migracao.redenoticia.com.br\/noticia\/imagens\/malhacao-viva-a-diferenca-265x198.jpg 265w\" sizes=\"auto, (max-width: 150px) 100vw, 150px\" \/><strong><em>Resumo novela \u201cMalha\u00e7\u00e3o\u201d 02\/10<\/em><\/strong>: no cap\u00edtulo 105(*) da novela \u201cMalha\u00e7\u00e3o\u201d, resumo de segunda-feira, 02 de outubro, Anderson afirma a Tina que gosta dela de verdade. Guto agradece Ben\u00ea pela parceria na apresenta\u00e7\u00e3o. Ben\u00ea se aproxima de Juca. As meninas comemoram o sucesso da Balada Cultural. Ellen garante a Tina que Anderson \u00e9 apaixonado por ela. Lica envia uma mensagem para Clara sobre a paixonite por B\u00f3ris, e Malu ouve. Nena descobre que Anderson e Tina continuam separados. K1 e K2 implicam com Ben\u00ea, mas todos elogiam a menina. D\u00f3ris avisa a Tato que ir\u00e1 com ele falar com seu pai. Guto pensa em inscrever Ben\u00ea para tocar em um sarau. B\u00f3ris anuncia que Ellen passou na prova e estudar\u00e1 no Col\u00e9gio Grupo. Tina beija Anderson. Malu mostra a mensagem de Lica para Edgar.<\/p>\n<p>(*) edi\u00e7\u00e3o da Rede Globo, Novela \u201cMalha\u00e7\u00e3o\u201d, sujeito a altera\u00e7\u00e3o de data e conte\u00fado.<\/p>\n<p>A vig\u00e9sima quinta temporada da s\u00e9rie de televis\u00e3o brasileira Malha\u00e7\u00e3o, produzida pela Rede Globo, \u00e9 escrita por Cao Hamburger, com colabora\u00e7\u00e3o de Jaqueline Vargas, Luciana Pessanha, Vitor Brandt e Carolina Ziskind, e conta com a dire\u00e7\u00e3o de Paulo Silvestrini. Pela primeira vez ap\u00f3s vinte e quatro temporadas, a novela ser\u00e1 ambientada nas zonas leste e sul da cidade de S\u00e3o Paulo. A trama \u00e9 protagonizada por Gabriela Medvedovski, Heslaine Vieira, Ana Hikari, Manoela Aliperti e Daphne Bozaski. O elenco tamb\u00e9m \u00e9 composto por Matheus Abreu, Hall Mendes, Juan Piava, Gabriel Calamari, Bruno Gadiol, Giovanna Grigio, Aline Fanju, L\u00facio Mauro Filho, Malu Galli, Angelo Ant\u00f4nio, Daniela Galli, Marcello Antony, Isabella Scherer, Talita Younan e Carol Macedo nos papeis principais.<\/p>\n","protected":false},"excerpt":{"rendered":"<p>Resumo novela \u201cMalha\u00e7\u00e3o\u201d 02\/10: no cap\u00edtulo 105(*) da novela \u201cMalha\u00e7\u00e3o\u201d, resumo de segunda-feira, 02 de outubro, Anderson afirma a Tina que gosta dela de verdade. Guto agradece Ben\u00ea pela parceria na apresenta\u00e7\u00e3o. Ben\u00ea se aproxima de Juca. As meninas comemoram o sucesso da Balada Cultural. Ellen garante a Tina que Anderson \u00e9 apaixonado por ela. [&hellip;]<\/p>\n","protected":false},"author":2,"featured_media":110075,"comment_status":"open","ping_status":"closed","sticky":false,"template":"","format":"standard","meta":{"tdm_status":"","tdm_grid_status":"","footnotes":""},"categories":[447,379,375,343],"tags":[441],"class_list":{"0":"post-122388","1":"post","2":"type-post","3":"status-publish","4":"format-standard","5":"has-post-thumbnail","7":"category-malhacao","8":"category-novelas","9":"category-rede-globo","10":"category-televisao","11":"tag-resumo-do-dia"},"_links":{"self":[{"href":"https:\/\/migracao.redenoticia.com.br\/noticia\/wp-json\/wp\/v2\/posts\/122388","targetHints":{"allow":["GET"]}}],"collection":[{"href":"https:\/\/migracao.redenoticia.com.br\/noticia\/wp-json\/wp\/v2\/posts"}],"about":[{"href":"https:\/\/migracao.redenoticia.com.br\/noticia\/wp-json\/wp\/v2\/types\/post"}],"author":[{"embeddable":true,"href":"https:\/\/migracao.redenoticia.com.br\/noticia\/wp-json\/wp\/v2\/users\/2"}],"replies":[{"embeddable":true,"href":"https:\/\/migracao.redenoticia.com.br\/noticia\/wp-json\/wp\/v2\/comments?post=122388"}],"version-history":[{"count":0,"href":"https:\/\/migracao.redenoticia.com.br\/noticia\/wp-json\/wp\/v2\/posts\/122388\/revisions"}],"wp:featuredmedia":[{"embeddable":true,"href":"https:\/\/migracao.redenoticia.com.br\/noticia\/wp-json\/wp\/v2\/media\/110075"}],"wp:attachment":[{"href":"https:\/\/migracao.redenoticia.com.br\/noticia\/wp-json\/wp\/v2\/media?parent=122388"}],"wp:term":[{"taxonomy":"category","embeddable":true,"href":"https:\/\/migracao.redenoticia.com.br\/noticia\/wp-json\/wp\/v2\/categories?post=122388"},{"taxonomy":"post_tag","embeddable":true,"href":"https:\/\/migracao.redenoticia.com.br\/noticia\/wp-json\/wp\/v2\/tags?post=122388"}],"curies":[{"name":"wp","href":"https:\/\/api.w.org\/{rel}","templated":true}]}}