{"id":122406,"date":"2017-10-02T00:04:30","date_gmt":"2017-10-02T03:04:30","guid":{"rendered":"https:\/\/www.redenoticia.com.br\/noticia\/?p=122406"},"modified":"2017-10-01T18:46:03","modified_gmt":"2017-10-01T21:46:03","slug":"mackenzie-abre-inscricoes-para-pos-em-ciencias-e-aplicacoes-geoespaciais-3","status":"publish","type":"post","link":"https:\/\/migracao.redenoticia.com.br\/noticia\/2017\/mackenzie-abre-inscricoes-para-pos-em-ciencias-e-aplicacoes-geoespaciais-3\/122406","title":{"rendered":"Mackenzie abre inscri\u00e7\u00f5es para P\u00f3s em Ci\u00eancias e Aplica\u00e7\u00f5es Geoespaciais"},"content":{"rendered":"<p> Ag\u00eancia FAPESP\u00a0\u2013 O programa de P\u00f3s-Gradua\u00e7\u00e3o\u00a0Stricto Sensu\u00a0em Ci\u00eancias e Aplica\u00e7\u00f5es Geoespaciais da Universidade Presbiteriana Mackenzie abriu inscri\u00e7\u00f5es para o <strong><em>processo seletivo de mestrado e doutorado<\/em><\/strong>. O prazo encerra no dia 16 de outubro. O programa oferece as seguintes \u00e1reas de pesquisa: F\u00edsica Solar, Rela\u00e7\u00f5es Solares-Terrestres, Atividade estelar e exoplanetas, Cosmologia e Quasares, Ionosfera terrestre, Geod\u00e9sia Espacial e Radioastronomia e instrumenta\u00e7\u00e3o.<\/p>\n<p>O processo seletivo inclui prova de conhecimento espec\u00edfico e prova de profici\u00eancia em l\u00edngua estrangeira: ingl\u00eas, para os candidatos ao mestrado e ingl\u00eas, espanhol e\/ou franc\u00eas, para os candidatos ao doutorado.<\/p>\n<p>Mais informa\u00e7\u00f5es est\u00e3o dispon\u00edveis no endere\u00e7o\u00a0.<\/p>\n<p>&#8212;<br \/>\nO Mackenzie oferece, para os alunos ingressantes dos cursos de Doutorado, bolsa integral para os 4 primeiros colocados em cada curso \u2013 Modalidade Isen\u00e7\u00e3o Integral de Mensalidades e Taxas (exceto a taxa de inscri\u00e7\u00e3o do processo). Todos os demais alunos dos cursos de Doutorado e Mestrado ter\u00e3o oportunidade, durante o curso, de concorrer \u00e0s bolsas CAPES, Mack Pesquisa e outras ag\u00eancias de fomento a pesquisa.<\/p>\n","protected":false},"excerpt":{"rendered":"<p>Ag\u00eancia FAPESP\u00a0\u2013 O programa de P\u00f3s-Gradua\u00e7\u00e3o\u00a0Stricto Sensu\u00a0em Ci\u00eancias e Aplica\u00e7\u00f5es Geoespaciais da Universidade Presbiteriana Mackenzie abriu inscri\u00e7\u00f5es para o processo seletivo de mestrado e doutorado. O prazo encerra no dia 16 de outubro. O programa oferece as seguintes \u00e1reas de pesquisa: F\u00edsica Solar, Rela\u00e7\u00f5es Solares-Terrestres, Atividade estelar e exoplanetas, Cosmologia e Quasares, Ionosfera terrestre, Geod\u00e9sia [&hellip;]<\/p>\n","protected":false},"author":2,"featured_media":36241,"comment_status":"open","ping_status":"closed","sticky":false,"template":"","format":"standard","meta":{"tdm_status":"","tdm_grid_status":"","footnotes":""},"categories":[22,351,370],"tags":[],"class_list":{"0":"post-122406","1":"post","2":"type-post","3":"status-publish","4":"format-standard","5":"has-post-thumbnail","7":"category-brasil","8":"category-cursos","9":"category-inscricao"},"_links":{"self":[{"href":"https:\/\/migracao.redenoticia.com.br\/noticia\/wp-json\/wp\/v2\/posts\/122406","targetHints":{"allow":["GET"]}}],"collection":[{"href":"https:\/\/migracao.redenoticia.com.br\/noticia\/wp-json\/wp\/v2\/posts"}],"about":[{"href":"https:\/\/migracao.redenoticia.com.br\/noticia\/wp-json\/wp\/v2\/types\/post"}],"author":[{"embeddable":true,"href":"https:\/\/migracao.redenoticia.com.br\/noticia\/wp-json\/wp\/v2\/users\/2"}],"replies":[{"embeddable":true,"href":"https:\/\/migracao.redenoticia.com.br\/noticia\/wp-json\/wp\/v2\/comments?post=122406"}],"version-history":[{"count":0,"href":"https:\/\/migracao.redenoticia.com.br\/noticia\/wp-json\/wp\/v2\/posts\/122406\/revisions"}],"wp:featuredmedia":[{"embeddable":true,"href":"https:\/\/migracao.redenoticia.com.br\/noticia\/wp-json\/wp\/v2\/media\/36241"}],"wp:attachment":[{"href":"https:\/\/migracao.redenoticia.com.br\/noticia\/wp-json\/wp\/v2\/media?parent=122406"}],"wp:term":[{"taxonomy":"category","embeddable":true,"href":"https:\/\/migracao.redenoticia.com.br\/noticia\/wp-json\/wp\/v2\/categories?post=122406"},{"taxonomy":"post_tag","embeddable":true,"href":"https:\/\/migracao.redenoticia.com.br\/noticia\/wp-json\/wp\/v2\/tags?post=122406"}],"curies":[{"name":"wp","href":"https:\/\/api.w.org\/{rel}","templated":true}]}}