{"id":122471,"date":"2017-10-02T00:07:14","date_gmt":"2017-10-02T03:07:14","guid":{"rendered":"https:\/\/www.redenoticia.com.br\/noticia\/?p=122471"},"modified":"2017-10-01T18:51:33","modified_gmt":"2017-10-01T21:51:33","slug":"vestibular-unesp-2018-tem-inscricoes-abertas","status":"publish","type":"post","link":"https:\/\/migracao.redenoticia.com.br\/noticia\/2017\/vestibular-unesp-2018-tem-inscricoes-abertas\/122471","title":{"rendered":"Vestibular Unesp 2018 tem inscri\u00e7\u00f5es abertas"},"content":{"rendered":"<p> A\u00a0Universidade Estadual Paulista\u00a0\u201cJ\u00falio de Mesquita Filho\u201d (Unesp) est\u00e1 com inscri\u00e7\u00f5es abertas para o <strong><em>Vestibular 2018<\/em><\/strong>. O prazo vai at\u00e9 o dia 9 de outubro, com 7.365 vagas dispon\u00edveis em 173 op\u00e7\u00f5es de cursos, distribu\u00eddas em unidades localizadas em 23 cidades. A taxa custa R$ 170 e os\u00a0interessados devem se inscrever pelo site da Funda\u00e7\u00e3o Vunesp ().\u00a0A lista com o resultado dos pedidos de redu\u00e7\u00e3o de 50% da taxa j\u00e1 foi divulgada na p\u00e1gina da Vunesp e no endere\u00e7o\u00a0.<\/p>\n<p>O pedido de redu\u00e7\u00e3o de 50% destina-se a candidatos matriculados no ensino m\u00e9dio ou em curso pr\u00e9-vestibular e que recebam remunera\u00e7\u00e3o mensal inferior a dois sal\u00e1rios m\u00ednimos ou estejam desempregados \u2013 estes candidatos pagam taxa de R$ 85.<\/p>\n<p>O resultado dos pedidos de isen\u00e7\u00e3o da taxa ser\u00e1 divulgado em 5 de outubro. A Universidade oferece 7.365 isen\u00e7\u00f5es para candidatos socioeconomicamente carentes. Os pedidos foram feitos at\u00e9 o dia 11 deste m\u00eas.<\/p>\n<p>A Unesp oferece ainda redu\u00e7\u00e3o de 75% aos cerca de 500 mil alunos matriculados no \u00faltimo ano do Ensino M\u00e9dio da rede p\u00fablica estadual paulista. O per\u00edodo para cadastramento destes candidatos \u00e9 o mesmo da inscri\u00e7\u00e3o dos pagantes de taxa integral, de 11 de setembro a 9 de outubro. O valor da taxa para estes alunos ser\u00e1 de R$ 42,50.<\/p>\n<p>A Unesp destina 50% das suas vagas por curso ao Sistema de Reserva de Vagas para Educa\u00e7\u00e3o B\u00e1sica P\u00fablica. Este \u00edndice era de 45% no \u00faltimo exame, quando a porcentagem de ingressantes oriundos de escolas p\u00fablicas foi de 52,6%.<\/p>\n<p>As provas da primeira fase da sele\u00e7\u00e3o ser\u00e3o realizadas no pr\u00f3ximo dia 15 de novembro, em 31 cidades paulistas e ainda em Bras\u00edlia (DF), Campo Grande (MS) e Uberl\u00e2ndia (MG). No ano passado, o total foi de 102.230 inscritos no Vestibular Unesp.<\/p>\n<p>Sobre a Unesp<\/p>\n<p>A Unesp, Universidade Estadual Paulista, \u00e9 uma universidade p\u00fablica, gratuita, que est\u00e1 entre as maiores e melhores do pa\u00eds. Est\u00e1 presente em 24 cidades do Estado de S\u00e3o Paulo com 34 faculdades e institutos, onde desenvolve atividades de ensino, pesquisa e extens\u00e3o em todas as \u00e1reas do conhecimento.<\/p>\n<p>Fundada em 1976, a institui\u00e7\u00e3o oferece 182 cursos de gradua\u00e7\u00e3o e 146 programas de p\u00f3s-gradua\u00e7\u00e3o. Tem\u00a051.311 alunos (37.770 na gradua\u00e7\u00e3o, 13.541 na p\u00f3s\u00a0stricto sensu), 3.826 professores e 6.782 servidores t\u00e9cnico-administrativos. Possui cerca de 1.900 laborat\u00f3rios e 30 bibliotecas, com mais de 1,3 milh\u00e3o de livros.<\/p>\n<p>Oferece cursos pr\u00e9-vestibulares gratuitos em suas unidades, bem como diversos programas de extens\u00e3o de servi\u00e7os \u00e0 comunidade. Tr\u00eas escolas de ensino t\u00e9cnico s\u00e3o mantidas pela Universidade: o Col\u00e9gio T\u00e9cnico Industrial em Bauru, o Col\u00e9gio T\u00e9cnico Industrial em Guaratinguet\u00e1 e o Col\u00e9gio T\u00e9cnico Agr\u00edcola em Jaboticabal.<\/p>\n<p>Prazo vai at\u00e9 dia 9 de outubro, com 7.365 vagas dispon\u00edveis em 173 op\u00e7\u00f5es de cursos, distribu\u00eddos em 23 cidades<\/p>\n<p>Vestibular Unesp 2018<br \/>\nCursos da Universidade no Guia de Profiss\u00f5es, em\u00a0<br \/>\nDisque Vunesp \u2013 (11) 3874-6300 (de segunda a s\u00e1bado, das 8 \u00e0s 20 horas)<br \/>\nMais informa\u00e7\u00f5es nos sites:\u00a0\u00a0e\u00a0<\/p>\n<p>Do Portal do Governo SP<\/p>\n","protected":false},"excerpt":{"rendered":"<p>A\u00a0Universidade Estadual Paulista\u00a0\u201cJ\u00falio de Mesquita Filho\u201d (Unesp) est\u00e1 com inscri\u00e7\u00f5es abertas para o Vestibular 2018. O prazo vai at\u00e9 o dia 9 de outubro, com 7.365 vagas dispon\u00edveis em 173 op\u00e7\u00f5es de cursos, distribu\u00eddas em unidades localizadas em 23 cidades. A taxa custa R$ 170 e os\u00a0interessados devem se inscrever pelo site da Funda\u00e7\u00e3o Vunesp [&hellip;]<\/p>\n","protected":false},"author":2,"featured_media":34896,"comment_status":"open","ping_status":"closed","sticky":false,"template":"","format":"standard","meta":{"tdm_status":"","tdm_grid_status":"","footnotes":""},"categories":[22,370,295],"tags":[],"class_list":{"0":"post-122471","1":"post","2":"type-post","3":"status-publish","4":"format-standard","5":"has-post-thumbnail","7":"category-brasil","8":"category-inscricao","9":"category-vestibular"},"_links":{"self":[{"href":"https:\/\/migracao.redenoticia.com.br\/noticia\/wp-json\/wp\/v2\/posts\/122471","targetHints":{"allow":["GET"]}}],"collection":[{"href":"https:\/\/migracao.redenoticia.com.br\/noticia\/wp-json\/wp\/v2\/posts"}],"about":[{"href":"https:\/\/migracao.redenoticia.com.br\/noticia\/wp-json\/wp\/v2\/types\/post"}],"author":[{"embeddable":true,"href":"https:\/\/migracao.redenoticia.com.br\/noticia\/wp-json\/wp\/v2\/users\/2"}],"replies":[{"embeddable":true,"href":"https:\/\/migracao.redenoticia.com.br\/noticia\/wp-json\/wp\/v2\/comments?post=122471"}],"version-history":[{"count":0,"href":"https:\/\/migracao.redenoticia.com.br\/noticia\/wp-json\/wp\/v2\/posts\/122471\/revisions"}],"wp:featuredmedia":[{"embeddable":true,"href":"https:\/\/migracao.redenoticia.com.br\/noticia\/wp-json\/wp\/v2\/media\/34896"}],"wp:attachment":[{"href":"https:\/\/migracao.redenoticia.com.br\/noticia\/wp-json\/wp\/v2\/media?parent=122471"}],"wp:term":[{"taxonomy":"category","embeddable":true,"href":"https:\/\/migracao.redenoticia.com.br\/noticia\/wp-json\/wp\/v2\/categories?post=122471"},{"taxonomy":"post_tag","embeddable":true,"href":"https:\/\/migracao.redenoticia.com.br\/noticia\/wp-json\/wp\/v2\/tags?post=122471"}],"curies":[{"name":"wp","href":"https:\/\/api.w.org\/{rel}","templated":true}]}}