{"id":122547,"date":"2017-10-03T00:06:41","date_gmt":"2017-10-03T03:06:41","guid":{"rendered":"https:\/\/www.redenoticia.com.br\/noticia\/?p=122547"},"modified":"2017-10-02T20:55:14","modified_gmt":"2017-10-02T23:55:14","slug":"conservatorio-de-tatui-abre-107-vagas-para-24-cursos-instrumentais-e-canto","status":"publish","type":"post","link":"https:\/\/migracao.redenoticia.com.br\/noticia\/2017\/conservatorio-de-tatui-abre-107-vagas-para-24-cursos-instrumentais-e-canto\/122547","title":{"rendered":"Conservat\u00f3rio de Tatu\u00ed abre 107 vagas para 24 cursos instrumentais e canto"},"content":{"rendered":"<p> Uma das principais escolas de m\u00fasica do Pa\u00eds, o Conservat\u00f3rio de Tatu\u00ed est\u00e1 com inscri\u00e7\u00f5es abertas para 107 vagas remanescentes do segundo semestre de 2017. S\u00e3o oferecidas vagas em 24 <strong><em>cursos instrumentais e de canto<\/em><\/strong>. Em 13 cursos s\u00e3o aceitos candidatos sem conhecimento musical.<\/p>\n<p>Entre as 107 vagas oferecidas, 14 s\u00e3o da \u00e1rea de Cordas Sinf\u00f4nicas: violino (2), viola (7) e contrabaixo (5). A \u00e1rea de Sopros\/Madeiras oferece 29 vagas, sendo 2 para flauta transversal, 11 para saxofone, 14 para clarinete e 2 para fagote. J\u00e1 os Sopros\/Metais t\u00eam 18 vagas: 1 \u00e9 para trompa, 6 s\u00e3o para trompete, 7 s\u00e3o para trombone, 1 \u00e9 para euf\u00f4nio e 3 s\u00e3o para tuba.<\/p>\n<p>No curso de Percuss\u00e3o Sinf\u00f4nica s\u00e3o oferecidas 12 vagas remanescentes. Para estudar Canto L\u00edrico no Conservat\u00f3rio de Tatu\u00ed h\u00e1 3 vagas e, no curso de Viol\u00e3o Cl\u00e1ssico foram abertas mais 10 oportunidades.<\/p>\n<p>Os cursos da \u00e1rea de MPB\/Jazz totalizam 15 vagas remanescentes, sendo 2 para baixo el\u00e9trico, 2 para canto, 4 para saxofone, 2 para trompete, 2 para bateria e 3 para percuss\u00e3o. Na \u00e1rea de Choro, foram abertas 3 vagas para bandolim, 1 para viol\u00e3o e 2 para percuss\u00e3o.<\/p>\n<p>As inscri\u00e7\u00f5es devem ser feitas pelo site do\u00a0\u00a0at\u00e9 as 18h desta ter\u00e7a-feira (3), com taxa no valor de R$ 60. O candidato deve ler o regulamento e preencher a ficha de inscri\u00e7\u00e3o para ter acesso ao boleto banc\u00e1rio. A inscri\u00e7\u00e3o somente ser\u00e1 validada ap\u00f3s a confirma\u00e7\u00e3o do pagamento. Depois de efetuada a inscri\u00e7\u00e3o, o candidato dever\u00e1 acompanhar no \u00e1rea de \u201cNovos Alunos\u201d do site os avisos e convoca\u00e7\u00f5es referentes a dias e hor\u00e1rios de testes.<\/p>\n<p>O candidato sem conhecimento musical ser\u00e1 submetido a uma em entrevista presencial por uma banca na fase eliminat\u00f3ria. A banca poder\u00e1 pedir algumas atividades e exerc\u00edcios musicais simples. A atividade tem a finalidade de avaliar percep\u00e7\u00e3o auditiva, mem\u00f3ria musical e coordena\u00e7\u00e3o motora b\u00e1sica.<\/p>\n<p>J\u00e1 o candidato com conhecimento musical passar\u00e1 por duas fases eliminat\u00f3rias. Na primeira, ele dever\u00e1 gravar um v\u00eddeo e disponibiliz\u00e1-lo no Youtube para ser avaliado pelo Conservat\u00f3rio de Tatu\u00ed. Na segunda fase, presencial, haver\u00e1 avalia\u00e7\u00e3o de performance: o selecionado deve cantar ou tocar o instrumento escolhido diante da banca. Tamb\u00e9m passar\u00e1 por uma entrevista, na mesma data.<\/p>\n<p>O regulamento do processo seletivo deve ser lido atentamente, pois apresenta outras informa\u00e7\u00f5es importantes, como a idade m\u00ednima exigida para cada curso. O documento tamb\u00e9m informa a lista de pe\u00e7as musicais que dever\u00e3o ser executadas nas avalia\u00e7\u00f5es dos candidatos com conhecimento musical para cada instrumento. H\u00e1, ainda, orienta\u00e7\u00f5es para a grava\u00e7\u00e3o do v\u00eddeo.<\/p>\n<p>D\u00favidas poder\u00e3o ser resolvidas pelo e-mail secretaria@conservatoriodetatui.org.br, nos telefones (15) 3205-8443\/8448\/8447 ou pessoalmente na secretaria escolar, localizada \u00e0 rua S\u00e3o Bento, 808, em Tatu\u00ed, das 8h \u00e0s 12h e das 13h \u00e0s 17h.<\/p>\n<p>Do Portal do Governo SP<\/p>\n","protected":false},"excerpt":{"rendered":"<p>Uma das principais escolas de m\u00fasica do Pa\u00eds, o Conservat\u00f3rio de Tatu\u00ed est\u00e1 com inscri\u00e7\u00f5es abertas para 107 vagas remanescentes do segundo semestre de 2017. S\u00e3o oferecidas vagas em 24 cursos instrumentais e de canto. Em 13 cursos s\u00e3o aceitos candidatos sem conhecimento musical. Entre as 107 vagas oferecidas, 14 s\u00e3o da \u00e1rea de Cordas [&hellip;]<\/p>\n","protected":false},"author":2,"featured_media":28951,"comment_status":"open","ping_status":"closed","sticky":false,"template":"","format":"standard","meta":{"tdm_status":"","tdm_grid_status":"","footnotes":""},"categories":[22,351,370],"tags":[],"class_list":{"0":"post-122547","1":"post","2":"type-post","3":"status-publish","4":"format-standard","5":"has-post-thumbnail","7":"category-brasil","8":"category-cursos","9":"category-inscricao"},"_links":{"self":[{"href":"https:\/\/migracao.redenoticia.com.br\/noticia\/wp-json\/wp\/v2\/posts\/122547","targetHints":{"allow":["GET"]}}],"collection":[{"href":"https:\/\/migracao.redenoticia.com.br\/noticia\/wp-json\/wp\/v2\/posts"}],"about":[{"href":"https:\/\/migracao.redenoticia.com.br\/noticia\/wp-json\/wp\/v2\/types\/post"}],"author":[{"embeddable":true,"href":"https:\/\/migracao.redenoticia.com.br\/noticia\/wp-json\/wp\/v2\/users\/2"}],"replies":[{"embeddable":true,"href":"https:\/\/migracao.redenoticia.com.br\/noticia\/wp-json\/wp\/v2\/comments?post=122547"}],"version-history":[{"count":0,"href":"https:\/\/migracao.redenoticia.com.br\/noticia\/wp-json\/wp\/v2\/posts\/122547\/revisions"}],"wp:featuredmedia":[{"embeddable":true,"href":"https:\/\/migracao.redenoticia.com.br\/noticia\/wp-json\/wp\/v2\/media\/28951"}],"wp:attachment":[{"href":"https:\/\/migracao.redenoticia.com.br\/noticia\/wp-json\/wp\/v2\/media?parent=122547"}],"wp:term":[{"taxonomy":"category","embeddable":true,"href":"https:\/\/migracao.redenoticia.com.br\/noticia\/wp-json\/wp\/v2\/categories?post=122547"},{"taxonomy":"post_tag","embeddable":true,"href":"https:\/\/migracao.redenoticia.com.br\/noticia\/wp-json\/wp\/v2\/tags?post=122547"}],"curies":[{"name":"wp","href":"https:\/\/api.w.org\/{rel}","templated":true}]}}