{"id":122637,"date":"2017-10-03T16:33:12","date_gmt":"2017-10-03T19:33:12","guid":{"rendered":"https:\/\/www.redenoticia.com.br\/noticia\/?p=122637"},"modified":"2017-10-03T16:16:10","modified_gmt":"2017-10-03T19:16:10","slug":"resumo-novela-chiquititas-0410-maria-cecilia-briga-com-tobias","status":"publish","type":"post","link":"https:\/\/migracao.redenoticia.com.br\/noticia\/2017\/resumo-novela-chiquititas-0410-maria-cecilia-briga-com-tobias\/122637","title":{"rendered":"Resumo novela \u201cChiquititas\u201d 04\/10: Maria Cec\u00edlia briga com Tobias"},"content":{"rendered":"<p><img loading=\"lazy\" decoding=\"async\" class=\"alignleft size-thumbnail wp-image-49690\" src=\"https:\/\/migracao.redenoticia.com.br\/noticia\/imagens\/chiquititas1-150x112.jpg\" alt=\"chiquititas\" width=\"150\" height=\"112\" \/><strong><em>Resumo novela \u201cChiquititas\u201d 04\/10<\/em><\/strong>: no cap\u00edtulo 277(*) da novela \u201cChiquititas\u201d, resumo de quarta-feira, 04 de outubro, Junior encontra Carol na rua e lhe oferece uma carona. Ela aceita e revela estar nervosa ao ver o namorado conversando com outra mulher de maneira intima. Carol e Junior veem o orfanato pichado e decidem ir falar com a m\u00e3e de Janj\u00e3o, l\u00edder dos vizinhos encrenqueiros, que segundo Mosca, foi o respons\u00e1vel. Junior reconhece a mulher, Glorinha,que foi uma enfermeira que cuidou de Eduarda quando ela havia fraturado as pernas e bra\u00e7os. Na \u00e9poca a enfermeira maltratou e chegou at\u00e9 a agredir fisicamente e moralmente Eduarda. Da mesma maneira grosseira de sempre, Glorinha defende o filho e diz que se n\u00e3o h\u00e1 provas ele n\u00e3o \u00e9 culpado. Assim que Junior vai embora, a mulher grita com o filho e diz que o menino ir\u00e1 ver uma coisa por ter passado dos limites. Fernando vai atr\u00e1s de Carol no orfanato e a v\u00ea conversando com Junior, que deixa os dois a s\u00f3s. \u00c9rica beija Tobias ao ver Maria Cec\u00edlia, tudo ainda faz parte do plano. Maria Cec\u00edlia briga com Tobias, que revela que tudo era pra saber se ela tinha ou n\u00e3o ci\u00fames dele. Tobias diz para ela decidir logo se vai ou n\u00e3o casar com ele, pois n\u00e3o ficar\u00e1 o resto da vida lhe esperando. Carmen avisa todas as crian\u00e7as do orfanato que elas ir\u00e3o participar de um concurso de desenhos. Maria Cec\u00edlia vai at\u00e9 a comunidade falar com a m\u00e3e, Eduarda. Ela comunica que ir\u00e1 casar com Tobias e que gostaria muito que a m\u00e3e fizesse as pazes com ela. Eduarda diz que n\u00e3o aceita Tobias. Em seu apartamento, Maria Cec\u00edlia avisa o amado que podem decidir a data do casamento e agendar o jantar para a fam\u00edlia dele a conhecer. Maria fica triste pois a Boneca Laura n\u00e3o est\u00e1 mais virando menina.<\/p>\n<p>(*) edi\u00e7\u00e3o do SBT, Novela \u201cChiquititas\u201d, sujeito a altera\u00e7\u00e3o de data e conte\u00fado.<\/p>\n<p>Chiquititas gira em torno do orfanato Raio de Luz, que carrega em sua hist\u00f3ria um grande segredo envolvendo a fam\u00edlia e o dono do orfanato, Dr. Jos\u00e9 Ricardo Almeida Campos. Em um per\u00edodo anterior \u00e0 novela, exatos treze anos, sua filha Gabriela se apaixonou e ficou gr\u00e1vida de Miguel, filho de Valentina, empregada da casa dos Almeida Campos. Pouco depois, Jos\u00e9 Ricardo sequestrou sua neta, pois, como um homem conservador, ele n\u00e3o aceitava a ideia de que sua filha se envolvesse com um empregado. Como sua neta, Milena, apelidada como Mili, precisava de um lugar para morar, ele comprou um casar\u00e3o e fundou um orfanato, o Raio de Luz. Mili cresceu l\u00e1 com outras garotas que chegaram posteriormente: Bia, Ana, as irm\u00e3s Tati e Vivi, e Cris. Ao decorrer dos anos, elas se tornam uma fam\u00edlia. Elas s\u00e3o supervisionadas por Ernestina, zeladora do orfanato, e Chico, o cozinheiro amado pelas internas. Sofia, ex-governanta da fam\u00edlia Almeida Campos, \u00e9 a diretora do lugar, at\u00e9 que Carmem, irm\u00e3 de Jos\u00e9 Ricardo, entre em seu lugar. Chegam ainda mais \u00f3rf\u00e3os: Pata, Mosca, Binho e Rafa, que viviam nas ruas antes de entrarem na institui\u00e7\u00e3o. Pata e Mili tornam-se amigas rapidamente, enquanto Mosca, Binho e Rafa s\u00e3o os primeiros garotos a entrar no abrigo. As crian\u00e7as sem-teto foram ajudadas por uma doce e bela garota que tocam e mudam a vida delas, assim como as das garotas \u00f3rf\u00e3s.<\/p>\n","protected":false},"excerpt":{"rendered":"<p>Resumo novela \u201cChiquititas\u201d 04\/10: no cap\u00edtulo 277(*) da novela \u201cChiquititas\u201d, resumo de quarta-feira, 04 de outubro, Junior encontra Carol na rua e lhe oferece uma carona. Ela aceita e revela estar nervosa ao ver o namorado conversando com outra mulher de maneira intima. Carol e Junior veem o orfanato pichado e decidem ir falar com [&hellip;]<\/p>\n","protected":false},"author":4,"featured_media":49690,"comment_status":"open","ping_status":"closed","sticky":false,"template":"","format":"standard","meta":{"tdm_status":"","tdm_grid_status":"","footnotes":""},"categories":[409,379,372,343],"tags":[441],"class_list":{"0":"post-122637","1":"post","2":"type-post","3":"status-publish","4":"format-standard","5":"has-post-thumbnail","7":"category-chiquititas","8":"category-novelas","9":"category-sbt","10":"category-televisao","11":"tag-resumo-do-dia"},"_links":{"self":[{"href":"https:\/\/migracao.redenoticia.com.br\/noticia\/wp-json\/wp\/v2\/posts\/122637","targetHints":{"allow":["GET"]}}],"collection":[{"href":"https:\/\/migracao.redenoticia.com.br\/noticia\/wp-json\/wp\/v2\/posts"}],"about":[{"href":"https:\/\/migracao.redenoticia.com.br\/noticia\/wp-json\/wp\/v2\/types\/post"}],"author":[{"embeddable":true,"href":"https:\/\/migracao.redenoticia.com.br\/noticia\/wp-json\/wp\/v2\/users\/4"}],"replies":[{"embeddable":true,"href":"https:\/\/migracao.redenoticia.com.br\/noticia\/wp-json\/wp\/v2\/comments?post=122637"}],"version-history":[{"count":0,"href":"https:\/\/migracao.redenoticia.com.br\/noticia\/wp-json\/wp\/v2\/posts\/122637\/revisions"}],"wp:featuredmedia":[{"embeddable":true,"href":"https:\/\/migracao.redenoticia.com.br\/noticia\/wp-json\/wp\/v2\/media\/49690"}],"wp:attachment":[{"href":"https:\/\/migracao.redenoticia.com.br\/noticia\/wp-json\/wp\/v2\/media?parent=122637"}],"wp:term":[{"taxonomy":"category","embeddable":true,"href":"https:\/\/migracao.redenoticia.com.br\/noticia\/wp-json\/wp\/v2\/categories?post=122637"},{"taxonomy":"post_tag","embeddable":true,"href":"https:\/\/migracao.redenoticia.com.br\/noticia\/wp-json\/wp\/v2\/tags?post=122637"}],"curies":[{"name":"wp","href":"https:\/\/api.w.org\/{rel}","templated":true}]}}