{"id":122664,"date":"2017-10-06T00:14:07","date_gmt":"2017-10-06T03:14:07","guid":{"rendered":"https:\/\/www.redenoticia.com.br\/noticia\/?p=122664"},"modified":"2017-12-08T00:03:05","modified_gmt":"2017-12-08T02:03:05","slug":"a-fazenda-nova-chance-votacao-em-marcelo-e-fabio-movimenta-a-enquete","status":"publish","type":"post","link":"https:\/\/migracao.redenoticia.com.br\/noticia\/2017\/a-fazenda-nova-chance-votacao-em-marcelo-e-fabio-movimenta-a-enquete\/122664","title":{"rendered":"&#8220;A Fazenda&#8221; Nova Chance: vota\u00e7\u00e3o em  Marcelo e F\u00e1bio movimentou a enquete"},"content":{"rendered":"<p><img loading=\"lazy\" decoding=\"async\" class=\"alignleft size-thumbnail wp-image-59670\" src=\"https:\/\/migracao.redenoticia.com.br\/noticia\/imagens\/a_fazenda_enquete_roca-150x112.jpg\" alt=\"\" width=\"150\" height=\"112\" srcset=\"https:\/\/migracao.redenoticia.com.br\/noticia\/imagens\/a_fazenda_enquete_roca-150x112.jpg 150w, https:\/\/migracao.redenoticia.com.br\/noticia\/imagens\/a_fazenda_enquete_roca-265x198.jpg 265w\" sizes=\"auto, (max-width: 150px) 100vw, 150px\" \/><strong><em>\u201cA Fazenda\u201d forma\u00e7\u00e3o da ro\u00e7a e enquete:<\/em><\/strong> com 83,03% dos votos do p\u00fablico, Marcelo ficou na Fazenda, e F\u00e1bio foi eliminado. A terceira ro\u00e7a desta temporada come\u00e7ou com a vota\u00e7\u00e3o na noite desta ter\u00e7a-feira, 02\/10, quando o apresentador Roberto Justus chamou os pe\u00f5es para a \u00e1rea de vota\u00e7\u00e3o. Yuri, que venceu a prova da chave, abriu o envelope dourado e ganhou o poder trocar um pe\u00e3o da baia. Ele escolheu Conrado para trocar de lugar com a Rita. O envelope prateado foi aberto por Marcos. Ele perdeu o voto nesta ro\u00e7a. Conforme a escolha do p\u00fablico, o pe\u00e3o que recebeu o envelope vermelho da caixa pode escolher entre ficar com dez mil reais ou com a imunidade. Yuri entregou o envelope vermelho para Nahim e ele escolheu dez mil reais. &#8230; O Fazendeiro Matheus indicou o Nahim para a ro\u00e7a&#8230;.Os pe\u00f5es apresentaram seus votos nos concorrentes da sede: Conrado, Monique, Nahim, Rita, Fl\u00e1via, Monick, Ana Paula, Aritana, Yuri, Marcelo e Dinei votaram no F\u00e1bio, que votou no Marcos. F\u00e1bio recebeu a maioria dos votos dos pe\u00f5es, ocupou o segundo banco e indicou o Marcelo para o terceiro banco da ro\u00e7a. Nahim, F\u00e1bio e Marcelo disputaram a prova do Fazendeiro nesta ter\u00e7a-feira (03\/10).<\/p>\n<p>Not\u00edcia relacionada &#8220;A Fazenda&#8221;: <\/p>\n<p>Nahim ganhou a prova de intelig\u00eancia e sorte (responder perguntas para conquistar pontos). Marcelo e F\u00e1bio foram para a ro\u00e7a e disputaram a prefer\u00eancia do p\u00fablico para continuarem em &#8220;A Fazenda&#8221;.<\/p>\n<p><script type=\"text\/javascript\" charset=\"utf-8\" src=\"https:\/\/secure.polldaddy.com\/p\/9844412.js\"><\/script><br \/>\n<noscript><\/noscript><\/p>\n<p>Resultado Parcial (04\/10 00h22): Marcelo 93,75%; F\u00e1bio 06,25%.<br \/>\nResultado Parcial (04\/10 15h42): Marcelo 71,18%; F\u00e1bio 28,82%. Total de Votos: 10.936.<br \/>\nResultado Parcial (05\/10 00h01): Marcelo 72,01%; F\u00e1bio 27,99%. Total de Votos: 18.188.<br \/>\nResultado Parcial (05\/10 15h40): Marcelo 71,36%; F\u00e1bio 28,64%. Total de Votos: 25.661.<\/p>\n<p>O voto v\u00e1lido foi registrado no portal oficial do programa  Rede Record.<\/p>\n<p>&#8212;<\/p>\n<p>Pe\u00f5es &#8220;A Fazenda&#8221; Nova Chance:<\/p>\n<p>Equipe Ferro: Monick Camargo; Monique Amin; Marcelo Ie-I\u00ea; Matheus Lisboa; Nicole Bahls; F\u00e1bio Arruda; Rita Cadillac; Ana Paula Minerato.<\/p>\n<p>Equipe Fogo: Fl\u00e1via Viana; Adriana Bombom; Yuri Fernandes; Conrado; Marcos Harter; Dinei; Aritana Maroni; Nahim.<\/p>\n<p>Rede Record &#8220;A Fazenda&#8221; Nova Chance<\/p>\n","protected":false},"excerpt":{"rendered":"<p>\u201cA Fazenda\u201d forma\u00e7\u00e3o da ro\u00e7a e enquete: com 83,03% dos votos do p\u00fablico, Marcelo ficou na Fazenda, e F\u00e1bio foi eliminado. A terceira ro\u00e7a desta temporada come\u00e7ou com a vota\u00e7\u00e3o na noite desta ter\u00e7a-feira, 02\/10, quando o apresentador Roberto Justus chamou os pe\u00f5es para a \u00e1rea de vota\u00e7\u00e3o. Yuri, que venceu a prova da chave, [&hellip;]<\/p>\n","protected":false},"author":2,"featured_media":59670,"comment_status":"open","ping_status":"closed","sticky":false,"template":"","format":"standard","meta":{"tdm_status":"","tdm_grid_status":"","footnotes":""},"categories":[406,371,343],"tags":[440],"class_list":{"0":"post-122664","1":"post","2":"type-post","3":"status-publish","4":"format-standard","5":"has-post-thumbnail","7":"category-a-fazenda","8":"category-rede-record","9":"category-televisao","10":"tag-noticia-novela"},"_links":{"self":[{"href":"https:\/\/migracao.redenoticia.com.br\/noticia\/wp-json\/wp\/v2\/posts\/122664","targetHints":{"allow":["GET"]}}],"collection":[{"href":"https:\/\/migracao.redenoticia.com.br\/noticia\/wp-json\/wp\/v2\/posts"}],"about":[{"href":"https:\/\/migracao.redenoticia.com.br\/noticia\/wp-json\/wp\/v2\/types\/post"}],"author":[{"embeddable":true,"href":"https:\/\/migracao.redenoticia.com.br\/noticia\/wp-json\/wp\/v2\/users\/2"}],"replies":[{"embeddable":true,"href":"https:\/\/migracao.redenoticia.com.br\/noticia\/wp-json\/wp\/v2\/comments?post=122664"}],"version-history":[{"count":0,"href":"https:\/\/migracao.redenoticia.com.br\/noticia\/wp-json\/wp\/v2\/posts\/122664\/revisions"}],"wp:featuredmedia":[{"embeddable":true,"href":"https:\/\/migracao.redenoticia.com.br\/noticia\/wp-json\/wp\/v2\/media\/59670"}],"wp:attachment":[{"href":"https:\/\/migracao.redenoticia.com.br\/noticia\/wp-json\/wp\/v2\/media?parent=122664"}],"wp:term":[{"taxonomy":"category","embeddable":true,"href":"https:\/\/migracao.redenoticia.com.br\/noticia\/wp-json\/wp\/v2\/categories?post=122664"},{"taxonomy":"post_tag","embeddable":true,"href":"https:\/\/migracao.redenoticia.com.br\/noticia\/wp-json\/wp\/v2\/tags?post=122664"}],"curies":[{"name":"wp","href":"https:\/\/api.w.org\/{rel}","templated":true}]}}