{"id":122763,"date":"2017-10-06T00:25:49","date_gmt":"2017-10-06T03:25:49","guid":{"rendered":"https:\/\/www.redenoticia.com.br\/noticia\/?p=122763"},"modified":"2017-10-05T15:22:18","modified_gmt":"2017-10-05T18:22:18","slug":"fundacao-procon-sp-promove-curso-basico-para-fornecedores","status":"publish","type":"post","link":"https:\/\/migracao.redenoticia.com.br\/noticia\/2017\/fundacao-procon-sp-promove-curso-basico-para-fornecedores\/122763","title":{"rendered":"Funda\u00e7\u00e3o Procon-SP promove curso b\u00e1sico para fornecedores"},"content":{"rendered":"<p> Fornecedores de produtos e servi\u00e7os podem realizar, at\u00e9 a pr\u00f3xima ter\u00e7a-feira (10), a inscri\u00e7\u00e3o no <strong><em>curso b\u00e1sico sobre os direitos do consumidor<\/em><\/strong>, oferecido pela Funda\u00e7\u00e3o Procon-SP. O evento ocorrer\u00e1 na capital paulista em 19 de outubro, entre 9h e 16h, na Barra Funda.<\/p>\n<p>O curso tem n\u00famero limitado de vagas e os interessados podem\u00a0. Promovida pela Diretoria de Estudos e Pesquisas da Funda\u00e7\u00e3o Procon-SP, a inciativa apresentar\u00e1 os elementos da legisla\u00e7\u00e3o, ilustrados com exemplos dos problemas mais frequentes atendidos pelo \u00f3rg\u00e3o vinculado \u00e0 Secretaria da Justi\u00e7a e da Defesa da Cidadania do Estado de S\u00e3o Paulo.<\/p>\n<p>O conte\u00fado abrange direitos e deveres de ambas as partes, com vistas \u00e0 educa\u00e7\u00e3o para o consumo e \u00e0 harmoniza\u00e7\u00e3o das rela\u00e7\u00f5es de consumo. O curso \u00e9 destinado aos profissionais, inclusive liberais e aut\u00f4nomos, que atuam nos diversos segmentos do mercado de consumo, como fabrica\u00e7\u00e3o, com\u00e9rcio em geral, importa\u00e7\u00e3o de produtos, servi\u00e7os financeiros e de assist\u00eancia t\u00e9cnica, al\u00e9m do atendimento ao consumidor (SAC e ouvidoria, por exemplo).<\/p>\n<p>Servi\u00e7o <\/p>\n<p>Curso B\u00e1sico para Fornecedores \u2013 Funda\u00e7\u00e3o Procon-SP<br \/>\nDia: 19\/10\/2017 (quinta-feira)<br \/>\nHor\u00e1rio: das 9h \u00e0s 16h<br \/>\nInscri\u00e7\u00f5es: at\u00e9 10\/10\/2017 (ter\u00e7a-feira)<br \/>\nLocal: Audit\u00f3rio da Funda\u00e7\u00e3o Procon-SP<br \/>\nEndere\u00e7o: Rua Barra Funda, 930 \u2013 1\u00ba andar \u2013 Sala 111 \u2013 Barra Funda \u2013 S\u00e3o Paulo \u2013 SP<\/p>\n<p>Do Portal do Governo SP<\/p>\n","protected":false},"excerpt":{"rendered":"<p>Fornecedores de produtos e servi\u00e7os podem realizar, at\u00e9 a pr\u00f3xima ter\u00e7a-feira (10), a inscri\u00e7\u00e3o no curso b\u00e1sico sobre os direitos do consumidor, oferecido pela Funda\u00e7\u00e3o Procon-SP. O evento ocorrer\u00e1 na capital paulista em 19 de outubro, entre 9h e 16h, na Barra Funda. O curso tem n\u00famero limitado de vagas e os interessados podem\u00a0. Promovida [&hellip;]<\/p>\n","protected":false},"author":2,"featured_media":36246,"comment_status":"open","ping_status":"closed","sticky":false,"template":"","format":"standard","meta":{"tdm_status":"","tdm_grid_status":"","footnotes":""},"categories":[22,351,370],"tags":[],"class_list":{"0":"post-122763","1":"post","2":"type-post","3":"status-publish","4":"format-standard","5":"has-post-thumbnail","7":"category-brasil","8":"category-cursos","9":"category-inscricao"},"_links":{"self":[{"href":"https:\/\/migracao.redenoticia.com.br\/noticia\/wp-json\/wp\/v2\/posts\/122763","targetHints":{"allow":["GET"]}}],"collection":[{"href":"https:\/\/migracao.redenoticia.com.br\/noticia\/wp-json\/wp\/v2\/posts"}],"about":[{"href":"https:\/\/migracao.redenoticia.com.br\/noticia\/wp-json\/wp\/v2\/types\/post"}],"author":[{"embeddable":true,"href":"https:\/\/migracao.redenoticia.com.br\/noticia\/wp-json\/wp\/v2\/users\/2"}],"replies":[{"embeddable":true,"href":"https:\/\/migracao.redenoticia.com.br\/noticia\/wp-json\/wp\/v2\/comments?post=122763"}],"version-history":[{"count":0,"href":"https:\/\/migracao.redenoticia.com.br\/noticia\/wp-json\/wp\/v2\/posts\/122763\/revisions"}],"wp:featuredmedia":[{"embeddable":true,"href":"https:\/\/migracao.redenoticia.com.br\/noticia\/wp-json\/wp\/v2\/media\/36246"}],"wp:attachment":[{"href":"https:\/\/migracao.redenoticia.com.br\/noticia\/wp-json\/wp\/v2\/media?parent=122763"}],"wp:term":[{"taxonomy":"category","embeddable":true,"href":"https:\/\/migracao.redenoticia.com.br\/noticia\/wp-json\/wp\/v2\/categories?post=122763"},{"taxonomy":"post_tag","embeddable":true,"href":"https:\/\/migracao.redenoticia.com.br\/noticia\/wp-json\/wp\/v2\/tags?post=122763"}],"curies":[{"name":"wp","href":"https:\/\/api.w.org\/{rel}","templated":true}]}}