{"id":122766,"date":"2017-10-06T00:26:20","date_gmt":"2017-10-06T03:26:20","guid":{"rendered":"https:\/\/www.redenoticia.com.br\/noticia\/?p=122766"},"modified":"2017-10-05T15:23:13","modified_gmt":"2017-10-05T18:23:13","slug":"novos-alunos-de-sp-ja-podem-se-matricular-em-todas-as-escolas-da-rede-estadual","status":"publish","type":"post","link":"https:\/\/migracao.redenoticia.com.br\/noticia\/2017\/novos-alunos-de-sp-ja-podem-se-matricular-em-todas-as-escolas-da-rede-estadual\/122766","title":{"rendered":"Novos alunos de SP j\u00e1 podem se matricular em todas as escolas da rede estadual"},"content":{"rendered":"<p> Os alunos que quiserem estudar nas\u00a05,4 mil <strong><em>escolas estaduais de S\u00e3o Paulo<\/em><\/strong> j\u00e1 podem se inscrever para o ano letivo de 2018.\u00a0Crian\u00e7as, jovens e adultos que est\u00e3o fora da rede p\u00fablica devem fazer o pr\u00e9-cadastro presencial at\u00e9 31 de outubro. H\u00e1 vagas em todas as regi\u00f5es para classes do Ensino Fundamental (1\u00ba ao 9\u00ba ano) e Ensino M\u00e9dio (1\u00aa a 3\u00aa s\u00e9rie) do regular, integral e EJA (Educa\u00e7\u00e3o para Jovens e Adultos).<\/p>\n<p>Para menores de 18 anos, a matr\u00edcula \u00e9 realizada por pais ou respons\u00e1veis. Os interessados precisam informar nome completo do estudante, data de nascimento, endere\u00e7o residencial e telefone para contato. A Secretaria da Educa\u00e7\u00e3o tamb\u00e9m recomenda a apresenta\u00e7\u00e3o dos documentos de certid\u00e3o de nascimento e comprovante de resid\u00eancia.<\/p>\n<p>A confirma\u00e7\u00e3o ser\u00e1 divulgada em dezembro na mesma unidade onde foi feito o cadastramento. Atualmente, estudam na rede estadual paulista cerca de 3,7 milh\u00f5es de alunos. Para eles a inscri\u00e7\u00e3o para o pr\u00f3ximo ano \u00e9 autom\u00e1tica.<\/p>\n<p>Do Portal do Governo SP<\/p>\n","protected":false},"excerpt":{"rendered":"<p>Os alunos que quiserem estudar nas\u00a05,4 mil escolas estaduais de S\u00e3o Paulo j\u00e1 podem se inscrever para o ano letivo de 2018.\u00a0Crian\u00e7as, jovens e adultos que est\u00e3o fora da rede p\u00fablica devem fazer o pr\u00e9-cadastro presencial at\u00e9 31 de outubro. H\u00e1 vagas em todas as regi\u00f5es para classes do Ensino Fundamental (1\u00ba ao 9\u00ba ano) [&hellip;]<\/p>\n","protected":false},"author":2,"featured_media":36262,"comment_status":"open","ping_status":"closed","sticky":false,"template":"","format":"standard","meta":{"tdm_status":"","tdm_grid_status":"","footnotes":""},"categories":[22,351,370],"tags":[],"class_list":{"0":"post-122766","1":"post","2":"type-post","3":"status-publish","4":"format-standard","5":"has-post-thumbnail","7":"category-brasil","8":"category-cursos","9":"category-inscricao"},"_links":{"self":[{"href":"https:\/\/migracao.redenoticia.com.br\/noticia\/wp-json\/wp\/v2\/posts\/122766","targetHints":{"allow":["GET"]}}],"collection":[{"href":"https:\/\/migracao.redenoticia.com.br\/noticia\/wp-json\/wp\/v2\/posts"}],"about":[{"href":"https:\/\/migracao.redenoticia.com.br\/noticia\/wp-json\/wp\/v2\/types\/post"}],"author":[{"embeddable":true,"href":"https:\/\/migracao.redenoticia.com.br\/noticia\/wp-json\/wp\/v2\/users\/2"}],"replies":[{"embeddable":true,"href":"https:\/\/migracao.redenoticia.com.br\/noticia\/wp-json\/wp\/v2\/comments?post=122766"}],"version-history":[{"count":0,"href":"https:\/\/migracao.redenoticia.com.br\/noticia\/wp-json\/wp\/v2\/posts\/122766\/revisions"}],"wp:featuredmedia":[{"embeddable":true,"href":"https:\/\/migracao.redenoticia.com.br\/noticia\/wp-json\/wp\/v2\/media\/36262"}],"wp:attachment":[{"href":"https:\/\/migracao.redenoticia.com.br\/noticia\/wp-json\/wp\/v2\/media?parent=122766"}],"wp:term":[{"taxonomy":"category","embeddable":true,"href":"https:\/\/migracao.redenoticia.com.br\/noticia\/wp-json\/wp\/v2\/categories?post=122766"},{"taxonomy":"post_tag","embeddable":true,"href":"https:\/\/migracao.redenoticia.com.br\/noticia\/wp-json\/wp\/v2\/tags?post=122766"}],"curies":[{"name":"wp","href":"https:\/\/api.w.org\/{rel}","templated":true}]}}