{"id":122807,"date":"2017-10-05T16:32:46","date_gmt":"2017-10-05T19:32:46","guid":{"rendered":"https:\/\/www.redenoticia.com.br\/noticia\/?p=122807"},"modified":"2017-10-05T16:20:56","modified_gmt":"2017-10-05T19:20:56","slug":"resumo-novela-carinha-de-anjo-0610-dulce-maria-esta-com-saudade-da-tia-perucas","status":"publish","type":"post","link":"https:\/\/migracao.redenoticia.com.br\/noticia\/2017\/resumo-novela-carinha-de-anjo-0610-dulce-maria-esta-com-saudade-da-tia-perucas\/122807","title":{"rendered":"Resumo novela \u201cCarinha de Anjo\u201d 06\/10: Dulce Maria est\u00e1 com saudade da Tia Perucas"},"content":{"rendered":"<p><img loading=\"lazy\" decoding=\"async\" class=\"alignleft size-thumbnail wp-image-99331\" src=\"https:\/\/migracao.redenoticia.com.br\/noticia\/imagens\/carinha_de_anjo_sbt_novela_resumo_capitulo-150x112.jpg\" alt=\"carinha_de_anjo_sbt_novela_resumo_capitulo\" width=\"150\" height=\"112\" srcset=\"https:\/\/migracao.redenoticia.com.br\/noticia\/imagens\/carinha_de_anjo_sbt_novela_resumo_capitulo-150x112.jpg 150w, https:\/\/migracao.redenoticia.com.br\/noticia\/imagens\/carinha_de_anjo_sbt_novela_resumo_capitulo-265x198.jpg 265w\" sizes=\"auto, (max-width: 150px) 100vw, 150px\" \/><strong><em>Resumo novela \u201cCarinha de Anjo\u201d 06\/10<\/em><\/strong>: no cap\u00edtulo 230(*) da novela \u201cCarinha de Anjo\u201d, resumo de sexta-feira, 06 de outubro, Gilmar (Eduardo Costa) faz um pequeno show para as irm\u00e3s e alunas do col\u00e9gio religioso de Doce Horizonte. Fl\u00e1vio e Haydee ficam tristes com o fato de Noemia ir embora da cidade. Fabiana (Karin Hils) canta a m\u00fasica \u201cFog\u00e3o de Lenha\u201d com Gilmar (Eduardo Costa). Ver\u00f4nica telefona para o col\u00e9gio para conversar com a novi\u00e7a Fabiana. Jorj\u00e3o (Thogun Teixeira) convida Franciely para conhecer a quadra de sua escola de samba, \u201cAcad\u00eamicos de Doce Horizonte\u201d. Fabiana chora ao saber que o pai de Ver\u00f4nica faleceu. Gustavo fica sabendo e decide ir com Crist\u00f3v\u00e3o at\u00e9 Campo Grande para o vel\u00f3rio do homem. Gilmar alerta In\u00e1cio para tomar cuidado com empres\u00e1rios desonestos que tentem tirar proveito do talento de Zeca. Dulce Maria coloca uma peruca no col\u00e9gio por estar com saudade da Tia Perucas.<\/p>\n<p>(*) edi\u00e7\u00e3o do SBT, Novela \u201cCarinha de Anjo\u201d, sujeito a altera\u00e7\u00e3o de data e conte\u00fado.<\/p>\n<p>Carinha de Anjo \u00e9 uma telenovela brasileira produzida e exibida originalmente pelo SBT desde o dia 21 de novembro de 2016, substituindo o hor\u00e1rio anteriormente ocupado por C\u00famplices de um Resgate. A telenovela \u00e9 inspirada na mexicana Carita de \u00e1ngel, que, por sua vez, \u00e9 um remake de Mundo de juguete, ambas produzidas pela Televisa e que haviam sido baseadas na trama argentina escrita por Abel Santa Cruz, Pap\u00e1 coraz\u00f3n. Esta ser\u00e1 a segunda adapta\u00e7\u00e3o brasileira da obra original argentina, visto que a Rede Tupi apresentou em 1976 a sua primeira vers\u00e3o, chamada de Papai Cora\u00e7\u00e3o. A nova vers\u00e3o \u00e9 escrita por Leonor Corr\u00eaa, com supervis\u00e3o de \u00cdris Abravanel e dire\u00e7\u00e3o geral de Ricardo Mantoanelli. A trama conta com Lorena Queiroz, Bia Arantes, Carlo Porto, Priscila Sol, Dani Gondim, Karin Hils, Eliana Guttman e Lucero nos pap\u00e9is principais.<\/p>\n","protected":false},"excerpt":{"rendered":"<p>Resumo novela \u201cCarinha de Anjo\u201d 06\/10: no cap\u00edtulo 230(*) da novela \u201cCarinha de Anjo\u201d, resumo de sexta-feira, 06 de outubro, Gilmar (Eduardo Costa) faz um pequeno show para as irm\u00e3s e alunas do col\u00e9gio religioso de Doce Horizonte. Fl\u00e1vio e Haydee ficam tristes com o fato de Noemia ir embora da cidade. Fabiana (Karin Hils) [&hellip;]<\/p>\n","protected":false},"author":4,"featured_media":99331,"comment_status":"open","ping_status":"closed","sticky":false,"template":"","format":"standard","meta":{"tdm_status":"","tdm_grid_status":"","footnotes":""},"categories":[452,379,372,343],"tags":[441],"class_list":{"0":"post-122807","1":"post","2":"type-post","3":"status-publish","4":"format-standard","5":"has-post-thumbnail","7":"category-carinha-de-anjo","8":"category-novelas","9":"category-sbt","10":"category-televisao","11":"tag-resumo-do-dia"},"_links":{"self":[{"href":"https:\/\/migracao.redenoticia.com.br\/noticia\/wp-json\/wp\/v2\/posts\/122807","targetHints":{"allow":["GET"]}}],"collection":[{"href":"https:\/\/migracao.redenoticia.com.br\/noticia\/wp-json\/wp\/v2\/posts"}],"about":[{"href":"https:\/\/migracao.redenoticia.com.br\/noticia\/wp-json\/wp\/v2\/types\/post"}],"author":[{"embeddable":true,"href":"https:\/\/migracao.redenoticia.com.br\/noticia\/wp-json\/wp\/v2\/users\/4"}],"replies":[{"embeddable":true,"href":"https:\/\/migracao.redenoticia.com.br\/noticia\/wp-json\/wp\/v2\/comments?post=122807"}],"version-history":[{"count":0,"href":"https:\/\/migracao.redenoticia.com.br\/noticia\/wp-json\/wp\/v2\/posts\/122807\/revisions"}],"wp:featuredmedia":[{"embeddable":true,"href":"https:\/\/migracao.redenoticia.com.br\/noticia\/wp-json\/wp\/v2\/media\/99331"}],"wp:attachment":[{"href":"https:\/\/migracao.redenoticia.com.br\/noticia\/wp-json\/wp\/v2\/media?parent=122807"}],"wp:term":[{"taxonomy":"category","embeddable":true,"href":"https:\/\/migracao.redenoticia.com.br\/noticia\/wp-json\/wp\/v2\/categories?post=122807"},{"taxonomy":"post_tag","embeddable":true,"href":"https:\/\/migracao.redenoticia.com.br\/noticia\/wp-json\/wp\/v2\/tags?post=122807"}],"curies":[{"name":"wp","href":"https:\/\/api.w.org\/{rel}","templated":true}]}}