{"id":122809,"date":"2017-10-05T16:33:06","date_gmt":"2017-10-05T19:33:06","guid":{"rendered":"https:\/\/www.redenoticia.com.br\/noticia\/?p=122809"},"modified":"2017-10-05T16:21:57","modified_gmt":"2017-10-05T19:21:57","slug":"resumo-novela-chiquititas-0610-junior-recebe-bilhete-anonimo","status":"publish","type":"post","link":"https:\/\/migracao.redenoticia.com.br\/noticia\/2017\/resumo-novela-chiquititas-0610-junior-recebe-bilhete-anonimo\/122809","title":{"rendered":"Resumo novela \u201cChiquititas\u201d 06\/10: Junior recebe bilhete an\u00f4nimo"},"content":{"rendered":"<p><img loading=\"lazy\" decoding=\"async\" class=\"alignleft size-thumbnail wp-image-49690\" src=\"https:\/\/migracao.redenoticia.com.br\/noticia\/imagens\/chiquititas1-150x112.jpg\" alt=\"chiquititas\" width=\"150\" height=\"112\" \/><strong><em>Resumo novela \u201cChiquititas\u201d 06\/10<\/em><\/strong>: no cap\u00edtulo 279(*) da novela \u201cChiquititas\u201d, resumo de sexta-feira, 06 de outubro, ap\u00f3s algum tempo a boneca Laura volta a se transformar em menina e explicapara Maria que precisava de um tempo para pensar no que aconteceu (Laura se sentiu esquecida), mas que agora est\u00e1 tudo bem. Junior recebe um bilhete an\u00f4nimo com a mensagem \u201cN\u00e3o confie na sua tia Carmen\u201d. Carmen v\u00ea que o desenho de Maria \u00e9 de um homem com m\u00e1scara e acredita que trata-se de uma ilustra\u00e7\u00e3o de Miguel. Carmen ordena que Matilde siga Maria para descobrir onde est\u00e1 Miguel. Bruno leva Dani de volta ao orfanato. Na diretoria, Bruno diz para Carol que a menina se comportou bem na viagem e que ele est\u00e1 decidido a entrar com a papelada para pedir a guarda da filha. Matilde vai at\u00e9 uma papelaria para comprar canetinhas e l\u00e1pis de cor para atender aos caprichos de Teca. As c\u00e2meras de seguran\u00e7as lhe flagram roubando os objetos, mas Matilde consegue fugir sem pagar. Samuca revela para Mosca e Thiago que est\u00e1 apaixonado pela Vivi.<\/p>\n<p>(*) edi\u00e7\u00e3o do SBT, Novela \u201cChiquititas\u201d, sujeito a altera\u00e7\u00e3o de data e conte\u00fado.<\/p>\n<p>Chiquititas gira em torno do orfanato Raio de Luz, que carrega em sua hist\u00f3ria um grande segredo envolvendo a fam\u00edlia e o dono do orfanato, Dr. Jos\u00e9 Ricardo Almeida Campos. Em um per\u00edodo anterior \u00e0 novela, exatos treze anos, sua filha Gabriela se apaixonou e ficou gr\u00e1vida de Miguel, filho de Valentina, empregada da casa dos Almeida Campos. Pouco depois, Jos\u00e9 Ricardo sequestrou sua neta, pois, como um homem conservador, ele n\u00e3o aceitava a ideia de que sua filha se envolvesse com um empregado. Como sua neta, Milena, apelidada como Mili, precisava de um lugar para morar, ele comprou um casar\u00e3o e fundou um orfanato, o Raio de Luz. Mili cresceu l\u00e1 com outras garotas que chegaram posteriormente: Bia, Ana, as irm\u00e3s Tati e Vivi, e Cris. Ao decorrer dos anos, elas se tornam uma fam\u00edlia. Elas s\u00e3o supervisionadas por Ernestina, zeladora do orfanato, e Chico, o cozinheiro amado pelas internas. Sofia, ex-governanta da fam\u00edlia Almeida Campos, \u00e9 a diretora do lugar, at\u00e9 que Carmem, irm\u00e3 de Jos\u00e9 Ricardo, entre em seu lugar. Chegam ainda mais \u00f3rf\u00e3os: Pata, Mosca, Binho e Rafa, que viviam nas ruas antes de entrarem na institui\u00e7\u00e3o. Pata e Mili tornam-se amigas rapidamente, enquanto Mosca, Binho e Rafa s\u00e3o os primeiros garotos a entrar no abrigo. As crian\u00e7as sem-teto foram ajudadas por uma doce e bela garota que tocam e mudam a vida delas, assim como as das garotas \u00f3rf\u00e3s.<\/p>\n","protected":false},"excerpt":{"rendered":"<p>Resumo novela \u201cChiquititas\u201d 06\/10: no cap\u00edtulo 279(*) da novela \u201cChiquititas\u201d, resumo de sexta-feira, 06 de outubro, ap\u00f3s algum tempo a boneca Laura volta a se transformar em menina e explicapara Maria que precisava de um tempo para pensar no que aconteceu (Laura se sentiu esquecida), mas que agora est\u00e1 tudo bem. Junior recebe um bilhete [&hellip;]<\/p>\n","protected":false},"author":4,"featured_media":49690,"comment_status":"open","ping_status":"closed","sticky":false,"template":"","format":"standard","meta":{"tdm_status":"","tdm_grid_status":"","footnotes":""},"categories":[409,379,372,343],"tags":[441],"class_list":{"0":"post-122809","1":"post","2":"type-post","3":"status-publish","4":"format-standard","5":"has-post-thumbnail","7":"category-chiquititas","8":"category-novelas","9":"category-sbt","10":"category-televisao","11":"tag-resumo-do-dia"},"_links":{"self":[{"href":"https:\/\/migracao.redenoticia.com.br\/noticia\/wp-json\/wp\/v2\/posts\/122809","targetHints":{"allow":["GET"]}}],"collection":[{"href":"https:\/\/migracao.redenoticia.com.br\/noticia\/wp-json\/wp\/v2\/posts"}],"about":[{"href":"https:\/\/migracao.redenoticia.com.br\/noticia\/wp-json\/wp\/v2\/types\/post"}],"author":[{"embeddable":true,"href":"https:\/\/migracao.redenoticia.com.br\/noticia\/wp-json\/wp\/v2\/users\/4"}],"replies":[{"embeddable":true,"href":"https:\/\/migracao.redenoticia.com.br\/noticia\/wp-json\/wp\/v2\/comments?post=122809"}],"version-history":[{"count":0,"href":"https:\/\/migracao.redenoticia.com.br\/noticia\/wp-json\/wp\/v2\/posts\/122809\/revisions"}],"wp:featuredmedia":[{"embeddable":true,"href":"https:\/\/migracao.redenoticia.com.br\/noticia\/wp-json\/wp\/v2\/media\/49690"}],"wp:attachment":[{"href":"https:\/\/migracao.redenoticia.com.br\/noticia\/wp-json\/wp\/v2\/media?parent=122809"}],"wp:term":[{"taxonomy":"category","embeddable":true,"href":"https:\/\/migracao.redenoticia.com.br\/noticia\/wp-json\/wp\/v2\/categories?post=122809"},{"taxonomy":"post_tag","embeddable":true,"href":"https:\/\/migracao.redenoticia.com.br\/noticia\/wp-json\/wp\/v2\/tags?post=122809"}],"curies":[{"name":"wp","href":"https:\/\/api.w.org\/{rel}","templated":true}]}}