{"id":123520,"date":"2017-10-16T16:36:09","date_gmt":"2017-10-16T18:36:09","guid":{"rendered":"https:\/\/www.redenoticia.com.br\/noticia\/?p=123520"},"modified":"2017-10-21T19:01:23","modified_gmt":"2017-10-21T21:01:23","slug":"resumo-novela-malhacao-1710-ellen-sofre-uma-agressao-na-nova-escola","status":"publish","type":"post","link":"https:\/\/migracao.redenoticia.com.br\/noticia\/2017\/resumo-novela-malhacao-1710-ellen-sofre-uma-agressao-na-nova-escola\/123520","title":{"rendered":"Resumo novela \u201cMalha\u00e7\u00e3o\u201d 17\/10: Ellen sofre uma agress\u00e3o na nova escola"},"content":{"rendered":"<p><img loading=\"lazy\" decoding=\"async\" class=\"alignleft size-thumbnail wp-image-110075\" src=\"https:\/\/migracao.redenoticia.com.br\/noticia\/imagens\/malhacao-viva-a-diferenca-150x112.jpg\" alt=\"\" width=\"150\" height=\"112\" srcset=\"https:\/\/migracao.redenoticia.com.br\/noticia\/imagens\/malhacao-viva-a-diferenca-150x112.jpg 150w, https:\/\/migracao.redenoticia.com.br\/noticia\/imagens\/malhacao-viva-a-diferenca-265x198.jpg 265w\" sizes=\"auto, (max-width: 150px) 100vw, 150px\" \/><strong><em>Resumo novela \u201cMalha\u00e7\u00e3o\u201d 17\/10<\/em><\/strong>: no cap\u00edtulo 115(*) da novela \u201cMalha\u00e7\u00e3o\u201d, resumo de ter\u00e7a-feira, 17 de outubro, Lica cobra de B\u00f3ris que ele confronte Malu, pelo bem dos alunos. B\u00f3ris questiona Edgar sobre a promo\u00e7\u00e3o de Malu. Roney pressiona Deco sobre a troca do registro de paternidade de Tonico. MB lidera uma manifesta\u00e7\u00e3o contra o novo cargo de Malu. Ellen confessa a Fio, Ben\u00ea e Keyla que teme permanecer no Col\u00e9gio Grupo sem B\u00f3ris. D\u00f3ris se preocupa com Ellen. Os alunos afirmam sua decep\u00e7\u00e3o com a atitude de B\u00f3ris. Felipe discute com Lica por causa de B\u00f3ris, e os dois decidem dar um tempo no relacionamento. Clara desabafa com Lu\u00eds. Tato volta a trabalhar na lanchonete de Roney e prop\u00f5e retomar a sociedade com Das Dores. Fio sugere que Valdemar esteja interessado em Das Dores. Ellen sofre uma agress\u00e3o na nova escola.<\/p>\n<p>(*) edi\u00e7\u00e3o da Rede Globo, Novela \u201cMalha\u00e7\u00e3o\u201d, sujeito a altera\u00e7\u00e3o de data e conte\u00fado.<\/p>\n<p>A vig\u00e9sima quinta temporada da s\u00e9rie de televis\u00e3o brasileira Malha\u00e7\u00e3o, produzida pela Rede Globo, \u00e9 escrita por Cao Hamburger, com colabora\u00e7\u00e3o de Jaqueline Vargas, Luciana Pessanha, Vitor Brandt e Carolina Ziskind, e conta com a dire\u00e7\u00e3o de Paulo Silvestrini. Pela primeira vez ap\u00f3s vinte e quatro temporadas, a novela ser\u00e1 ambientada nas zonas leste e sul da cidade de S\u00e3o Paulo. A trama \u00e9 protagonizada por Gabriela Medvedovski, Heslaine Vieira, Ana Hikari, Manoela Aliperti e Daphne Bozaski. O elenco tamb\u00e9m \u00e9 composto por Matheus Abreu, Hall Mendes, Juan Piava, Gabriel Calamari, Bruno Gadiol, Giovanna Grigio, Aline Fanju, L\u00facio Mauro Filho, Malu Galli, Angelo Ant\u00f4nio, Daniela Galli, Marcello Antony, Isabella Scherer, Talita Younan e Carol Macedo nos papeis principais.<\/p>\n","protected":false},"excerpt":{"rendered":"<p>Resumo novela \u201cMalha\u00e7\u00e3o\u201d 17\/10: no cap\u00edtulo 115(*) da novela \u201cMalha\u00e7\u00e3o\u201d, resumo de ter\u00e7a-feira, 17 de outubro, Lica cobra de B\u00f3ris que ele confronte Malu, pelo bem dos alunos. B\u00f3ris questiona Edgar sobre a promo\u00e7\u00e3o de Malu. Roney pressiona Deco sobre a troca do registro de paternidade de Tonico. MB lidera uma manifesta\u00e7\u00e3o contra o novo [&hellip;]<\/p>\n","protected":false},"author":4,"featured_media":110072,"comment_status":"open","ping_status":"closed","sticky":false,"template":"","format":"standard","meta":{"tdm_status":"","tdm_grid_status":"","footnotes":""},"categories":[447,379,375,343],"tags":[441],"class_list":{"0":"post-123520","1":"post","2":"type-post","3":"status-publish","4":"format-standard","5":"has-post-thumbnail","7":"category-malhacao","8":"category-novelas","9":"category-rede-globo","10":"category-televisao","11":"tag-resumo-do-dia"},"_links":{"self":[{"href":"https:\/\/migracao.redenoticia.com.br\/noticia\/wp-json\/wp\/v2\/posts\/123520","targetHints":{"allow":["GET"]}}],"collection":[{"href":"https:\/\/migracao.redenoticia.com.br\/noticia\/wp-json\/wp\/v2\/posts"}],"about":[{"href":"https:\/\/migracao.redenoticia.com.br\/noticia\/wp-json\/wp\/v2\/types\/post"}],"author":[{"embeddable":true,"href":"https:\/\/migracao.redenoticia.com.br\/noticia\/wp-json\/wp\/v2\/users\/4"}],"replies":[{"embeddable":true,"href":"https:\/\/migracao.redenoticia.com.br\/noticia\/wp-json\/wp\/v2\/comments?post=123520"}],"version-history":[{"count":0,"href":"https:\/\/migracao.redenoticia.com.br\/noticia\/wp-json\/wp\/v2\/posts\/123520\/revisions"}],"wp:featuredmedia":[{"embeddable":true,"href":"https:\/\/migracao.redenoticia.com.br\/noticia\/wp-json\/wp\/v2\/media\/110072"}],"wp:attachment":[{"href":"https:\/\/migracao.redenoticia.com.br\/noticia\/wp-json\/wp\/v2\/media?parent=123520"}],"wp:term":[{"taxonomy":"category","embeddable":true,"href":"https:\/\/migracao.redenoticia.com.br\/noticia\/wp-json\/wp\/v2\/categories?post=123520"},{"taxonomy":"post_tag","embeddable":true,"href":"https:\/\/migracao.redenoticia.com.br\/noticia\/wp-json\/wp\/v2\/tags?post=123520"}],"curies":[{"name":"wp","href":"https:\/\/api.w.org\/{rel}","templated":true}]}}