{"id":123531,"date":"2017-10-17T00:34:02","date_gmt":"2017-10-17T02:34:02","guid":{"rendered":"https:\/\/www.redenoticia.com.br\/noticia\/?p=123531"},"modified":"2017-10-16T23:33:30","modified_gmt":"2017-10-17T01:33:30","slug":"unb-divulga-segunda-certificacao-de-habilidade-especifica-de-2017","status":"publish","type":"post","link":"https:\/\/migracao.redenoticia.com.br\/noticia\/2017\/unb-divulga-segunda-certificacao-de-habilidade-especifica-de-2017\/123531","title":{"rendered":"UnB divulga segunda certifica\u00e7\u00e3o de Habilidade Espec\u00edfica de 2017"},"content":{"rendered":"<p> A Universidade de Bras\u00edlia (UnB) publicou a abertura do segundo processo de <strong><em>Certifica\u00e7\u00e3o de Habilidade Espec\u00edfica<\/em><\/strong> de 2017, para que os candidatos aos cursos de Arquitetura e Urbanismo, Artes C\u00eanicas (Bacharelado\/Licenciatura), Artes Visuais (Bacharelado\/Licenciatura),\u00a0Design\u00a0(Bacharelado), M\u00fasica (Bacharelado) e M\u00fasica (Licenciatura) possam adquirir a documenta\u00e7\u00e3o necess\u00e1ria para ingresso na Universidade.<\/p>\n<p>As inscri\u00e7\u00f5es estar\u00e3o abertas entre 13 e 19 de outubro e devem ser feitas pelo\u00a0site. A taxa \u00e9 R$ 60,00. Para participar, tamb\u00e9m \u00e9 preciso enviar, via upload, uma fotografia individual, tirada recentemente, e que necessariamente apare\u00e7a a cabe\u00e7a descoberta e o tronco.<\/p>\n<p>A Certifica\u00e7\u00e3o ir\u00e1 ocorrer por meio de testes escritos e pr\u00e1ticos. O curso de Artes Visuais (Bacharelado\/Licenciatura) tamb\u00e9m ter\u00e1 etapa de entrevista e apresenta\u00e7\u00e3o de porta-f\u00f3lio. As provas ser\u00e3o realizadas entre 18 e 26 de novembro, conforme cronograma dispon\u00edvel no edital de abertura.<\/p>\n<p>SERVI\u00c7O<br \/>\n2.\u00aa Certifica\u00e7\u00e3o de Habilidade Espec\u00edfica de 2017<br \/>\nInscri\u00e7\u00f5es:\u00a0entre 13 e 19 de outubro<br \/>\nTaxa:\u00a0R$ 60,00<br \/>\nTestes:\u00a0entre 18 e 26 de novembro<\/p>\n<p>CONTATO<br \/>\nOutras informa\u00e7\u00f5es no\u00a0site\u00a0\u00a0ou na Central de Atendimento ao Candidato do Cebraspe, de segunda a sexta, das 8h \u00e0s 19h \u2013\u00a0Campus\u00a0Universit\u00e1rio Darcy Ribeiro, Sede do Cebraspe \u2013 (61) 3448 0100.<\/p>\n","protected":false},"excerpt":{"rendered":"<p>A Universidade de Bras\u00edlia (UnB) publicou a abertura do segundo processo de Certifica\u00e7\u00e3o de Habilidade Espec\u00edfica de 2017, para que os candidatos aos cursos de Arquitetura e Urbanismo, Artes C\u00eanicas (Bacharelado\/Licenciatura), Artes Visuais (Bacharelado\/Licenciatura),\u00a0Design\u00a0(Bacharelado), M\u00fasica (Bacharelado) e M\u00fasica (Licenciatura) possam adquirir a documenta\u00e7\u00e3o necess\u00e1ria para ingresso na Universidade. As inscri\u00e7\u00f5es estar\u00e3o abertas entre 13 e [&hellip;]<\/p>\n","protected":false},"author":2,"featured_media":36244,"comment_status":"open","ping_status":"closed","sticky":false,"template":"","format":"standard","meta":{"tdm_status":"","tdm_grid_status":"","footnotes":""},"categories":[22,370,295],"tags":[],"class_list":{"0":"post-123531","1":"post","2":"type-post","3":"status-publish","4":"format-standard","5":"has-post-thumbnail","7":"category-brasil","8":"category-inscricao","9":"category-vestibular"},"_links":{"self":[{"href":"https:\/\/migracao.redenoticia.com.br\/noticia\/wp-json\/wp\/v2\/posts\/123531","targetHints":{"allow":["GET"]}}],"collection":[{"href":"https:\/\/migracao.redenoticia.com.br\/noticia\/wp-json\/wp\/v2\/posts"}],"about":[{"href":"https:\/\/migracao.redenoticia.com.br\/noticia\/wp-json\/wp\/v2\/types\/post"}],"author":[{"embeddable":true,"href":"https:\/\/migracao.redenoticia.com.br\/noticia\/wp-json\/wp\/v2\/users\/2"}],"replies":[{"embeddable":true,"href":"https:\/\/migracao.redenoticia.com.br\/noticia\/wp-json\/wp\/v2\/comments?post=123531"}],"version-history":[{"count":0,"href":"https:\/\/migracao.redenoticia.com.br\/noticia\/wp-json\/wp\/v2\/posts\/123531\/revisions"}],"wp:featuredmedia":[{"embeddable":true,"href":"https:\/\/migracao.redenoticia.com.br\/noticia\/wp-json\/wp\/v2\/media\/36244"}],"wp:attachment":[{"href":"https:\/\/migracao.redenoticia.com.br\/noticia\/wp-json\/wp\/v2\/media?parent=123531"}],"wp:term":[{"taxonomy":"category","embeddable":true,"href":"https:\/\/migracao.redenoticia.com.br\/noticia\/wp-json\/wp\/v2\/categories?post=123531"},{"taxonomy":"post_tag","embeddable":true,"href":"https:\/\/migracao.redenoticia.com.br\/noticia\/wp-json\/wp\/v2\/tags?post=123531"}],"curies":[{"name":"wp","href":"https:\/\/api.w.org\/{rel}","templated":true}]}}