{"id":123532,"date":"2017-10-17T00:35:38","date_gmt":"2017-10-17T02:35:38","guid":{"rendered":"https:\/\/www.redenoticia.com.br\/noticia\/?p=123532"},"modified":"2017-10-16T23:33:21","modified_gmt":"2017-10-17T01:33:21","slug":"treinamento-tecnico-em-genetica-com-bolsa-da-fapesp","status":"publish","type":"post","link":"https:\/\/migracao.redenoticia.com.br\/noticia\/2017\/treinamento-tecnico-em-genetica-com-bolsa-da-fapesp\/123532","title":{"rendered":"Treinamento T\u00e9cnico em Gen\u00e9tica com Bolsa da FAPESP"},"content":{"rendered":"<p> Ag\u00eancia FAPESP\u00a0\u2013 A Faculdade de Ci\u00eancias Farmac\u00eauticas de Ribeir\u00e3o Preto (FCFRP) da Universidade de S\u00e3o Paulo (USP) oferece uma oportunidade de <strong><em>Treinamento T\u00e9cnico<\/em><\/strong> (TT-3) em Gen\u00e9tica com bolsa da FAPESP. O prazo de inscri\u00e7\u00e3o termina no dia 20 de outubro de 2017.<\/p>\n<p>A bolsa est\u00e1 vinculada ao projeto\u00a0.<\/p>\n<p>A linha de pesquisa faz uso da engenharia gen\u00e9tica para a realiza\u00e7\u00e3o de experimentos mecan\u00edsticos\u00a0in vivo. Essa estrat\u00e9gia permite que mecanismos reguladores da carcinog\u00eanese sejam esclarecidos. Assim, no projeto, a atividade da s\u00edntese epitelial e neural da serotonina no c\u00e2ncer de c\u00f3lon ser\u00e1 investigada atrav\u00e9s do cruzamento de m\u00faltiplas linhagens para gera\u00e7\u00e3o de camundongos duplo-knockout (D-KO) e transg\u00eanicos.<\/p>\n<p>O Grupo de Pesquisa em Mecanismos Moleculares da Carcinog\u00eanese de C\u00f3lon oferece esse treinamento a candidatos interessados em realizar um mestrado acad\u00eamico na \u00e1rea de Oncologia.<\/p>\n<p>Os interessados devem enviar hist\u00f3rico de gradua\u00e7\u00e3o completo, curr\u00edculo e carta de motiva\u00e7\u00e3o para o endere\u00e7o de e-mail do coordenador do projeto,\u00a0Vinicius Kannen\u00a0(vinicius.kannen@fcfrp.usp.br).<\/p>\n<p>Candidatos com carta de recomenda\u00e7\u00e3o de professores\/pesquisadores ter\u00e3o prioridade no processo seletivo (neste caso telefone e e-mail devem ser fornecidos para checagem das informa\u00e7\u00f5es).<\/p>\n<p>A oportunidade est\u00e1 publicada em\u00a0.<\/p>\n<p>A Bolsa de TT-3 tem valor de R$ 1.195,60 e \u00e9 direcionada para alunos graduados do n\u00edvel superior, sem reprova\u00e7\u00f5es em seu hist\u00f3rico escolar e sem v\u00ednculo empregat\u00edcio, com dedica\u00e7\u00e3o de 16 a 40 horas semanais \u00e0s atividades de apoio ao projeto de pesquisa. O tempo de bolsa TT-3 ser\u00e1 descontado no caso de o interessado vir a usufruir de Bolsa de Mestrado ou Doutorado Direto.<\/p>\n<p>Para mais informa\u00e7\u00f5es sobre as bolsas de Treinamento T\u00e9cnico acesse\u00a0.<\/p>\n<p>Outras vagas de bolsas, em diversas \u00e1reas do conhecimento, est\u00e3o no site FAPESP-Oportunidades, em\u00a0.<\/p>\n","protected":false},"excerpt":{"rendered":"<p>Ag\u00eancia FAPESP\u00a0\u2013 A Faculdade de Ci\u00eancias Farmac\u00eauticas de Ribeir\u00e3o Preto (FCFRP) da Universidade de S\u00e3o Paulo (USP) oferece uma oportunidade de Treinamento T\u00e9cnico (TT-3) em Gen\u00e9tica com bolsa da FAPESP. O prazo de inscri\u00e7\u00e3o termina no dia 20 de outubro de 2017. A bolsa est\u00e1 vinculada ao projeto\u00a0. A linha de pesquisa faz uso da [&hellip;]<\/p>\n","protected":false},"author":2,"featured_media":28951,"comment_status":"open","ping_status":"closed","sticky":false,"template":"","format":"standard","meta":{"tdm_status":"","tdm_grid_status":"","footnotes":""},"categories":[22,351,370],"tags":[],"class_list":{"0":"post-123532","1":"post","2":"type-post","3":"status-publish","4":"format-standard","5":"has-post-thumbnail","7":"category-brasil","8":"category-cursos","9":"category-inscricao"},"_links":{"self":[{"href":"https:\/\/migracao.redenoticia.com.br\/noticia\/wp-json\/wp\/v2\/posts\/123532","targetHints":{"allow":["GET"]}}],"collection":[{"href":"https:\/\/migracao.redenoticia.com.br\/noticia\/wp-json\/wp\/v2\/posts"}],"about":[{"href":"https:\/\/migracao.redenoticia.com.br\/noticia\/wp-json\/wp\/v2\/types\/post"}],"author":[{"embeddable":true,"href":"https:\/\/migracao.redenoticia.com.br\/noticia\/wp-json\/wp\/v2\/users\/2"}],"replies":[{"embeddable":true,"href":"https:\/\/migracao.redenoticia.com.br\/noticia\/wp-json\/wp\/v2\/comments?post=123532"}],"version-history":[{"count":0,"href":"https:\/\/migracao.redenoticia.com.br\/noticia\/wp-json\/wp\/v2\/posts\/123532\/revisions"}],"wp:featuredmedia":[{"embeddable":true,"href":"https:\/\/migracao.redenoticia.com.br\/noticia\/wp-json\/wp\/v2\/media\/28951"}],"wp:attachment":[{"href":"https:\/\/migracao.redenoticia.com.br\/noticia\/wp-json\/wp\/v2\/media?parent=123532"}],"wp:term":[{"taxonomy":"category","embeddable":true,"href":"https:\/\/migracao.redenoticia.com.br\/noticia\/wp-json\/wp\/v2\/categories?post=123532"},{"taxonomy":"post_tag","embeddable":true,"href":"https:\/\/migracao.redenoticia.com.br\/noticia\/wp-json\/wp\/v2\/tags?post=123532"}],"curies":[{"name":"wp","href":"https:\/\/api.w.org\/{rel}","templated":true}]}}