{"id":123537,"date":"2017-10-17T00:37:20","date_gmt":"2017-10-17T02:37:20","guid":{"rendered":"https:\/\/www.redenoticia.com.br\/noticia\/?p=123537"},"modified":"2017-10-16T23:33:06","modified_gmt":"2017-10-17T01:33:06","slug":"mec-prorroga-para-novembro-prazo-de-aditamento-do-fies","status":"publish","type":"post","link":"https:\/\/migracao.redenoticia.com.br\/noticia\/2017\/mec-prorroga-para-novembro-prazo-de-aditamento-do-fies\/123537","title":{"rendered":"MEC prorroga para novembro prazo de aditamento do Fies"},"content":{"rendered":"<p> O Minist\u00e9rio da Educa\u00e7\u00e3o prorrogou at\u00e9 o dia 20 de novembro o prazo para aditamento de renova\u00e7\u00e3o semestral dos contratos do Fundo de Financiamento Estudantil (<strong><em>Fies<\/em><\/strong>). A portaria do Fundo Nacional de Desenvolvimento da Educa\u00e7\u00e3o (FNDE) definindo a nova data foi publicada no Di\u00e1rio Oficial da Uni\u00e3o. O prazo original para a renova\u00e7\u00e3o dos contratos terminava no dia 30 de outubro<\/p>\n<p>O novo prazo vale para contratos simplificados e n\u00e3o simplificados, do segundo semestre deste ano. Tamb\u00e9m foi prorrogado, para a mesma data, o prazo para transfer\u00eancia integral de curso ou de institui\u00e7\u00e3o de ensino e de solicita\u00e7\u00e3o de dilata\u00e7\u00e3o do prazo de utiliza\u00e7\u00e3o do financiamento referente ao segundo semestre deste ano.<\/p>\n<p>Os aditamentos devem ser feitos pelo Sistema Informatizado do SisFies. <\/p>\n<p>Sabrina Craide &#8211; Rep\u00f3rter da Ag\u00eancia Brasil<br \/>\nEdi\u00e7\u00e3o: Luana Louren\u00e7o<br \/>\n17\/10\/2017<\/p>\n","protected":false},"excerpt":{"rendered":"<p>O Minist\u00e9rio da Educa\u00e7\u00e3o prorrogou at\u00e9 o dia 20 de novembro o prazo para aditamento de renova\u00e7\u00e3o semestral dos contratos do Fundo de Financiamento Estudantil (Fies). A portaria do Fundo Nacional de Desenvolvimento da Educa\u00e7\u00e3o (FNDE) definindo a nova data foi publicada no Di\u00e1rio Oficial da Uni\u00e3o. O prazo original para a renova\u00e7\u00e3o dos contratos [&hellip;]<\/p>\n","protected":false},"author":2,"featured_media":26465,"comment_status":"open","ping_status":"closed","sticky":false,"template":"","format":"standard","meta":{"tdm_status":"","tdm_grid_status":"","footnotes":""},"categories":[22,351,370],"tags":[],"class_list":{"0":"post-123537","1":"post","2":"type-post","3":"status-publish","4":"format-standard","5":"has-post-thumbnail","7":"category-brasil","8":"category-cursos","9":"category-inscricao"},"_links":{"self":[{"href":"https:\/\/migracao.redenoticia.com.br\/noticia\/wp-json\/wp\/v2\/posts\/123537","targetHints":{"allow":["GET"]}}],"collection":[{"href":"https:\/\/migracao.redenoticia.com.br\/noticia\/wp-json\/wp\/v2\/posts"}],"about":[{"href":"https:\/\/migracao.redenoticia.com.br\/noticia\/wp-json\/wp\/v2\/types\/post"}],"author":[{"embeddable":true,"href":"https:\/\/migracao.redenoticia.com.br\/noticia\/wp-json\/wp\/v2\/users\/2"}],"replies":[{"embeddable":true,"href":"https:\/\/migracao.redenoticia.com.br\/noticia\/wp-json\/wp\/v2\/comments?post=123537"}],"version-history":[{"count":0,"href":"https:\/\/migracao.redenoticia.com.br\/noticia\/wp-json\/wp\/v2\/posts\/123537\/revisions"}],"wp:featuredmedia":[{"embeddable":true,"href":"https:\/\/migracao.redenoticia.com.br\/noticia\/wp-json\/wp\/v2\/media\/26465"}],"wp:attachment":[{"href":"https:\/\/migracao.redenoticia.com.br\/noticia\/wp-json\/wp\/v2\/media?parent=123537"}],"wp:term":[{"taxonomy":"category","embeddable":true,"href":"https:\/\/migracao.redenoticia.com.br\/noticia\/wp-json\/wp\/v2\/categories?post=123537"},{"taxonomy":"post_tag","embeddable":true,"href":"https:\/\/migracao.redenoticia.com.br\/noticia\/wp-json\/wp\/v2\/tags?post=123537"}],"curies":[{"name":"wp","href":"https:\/\/api.w.org\/{rel}","templated":true}]}}