{"id":123539,"date":"2017-10-17T00:38:41","date_gmt":"2017-10-17T02:38:41","guid":{"rendered":"https:\/\/www.redenoticia.com.br\/noticia\/?p=123539"},"modified":"2017-10-16T23:32:58","modified_gmt":"2017-10-17T01:32:58","slug":"fao-recomenda-que-brasil-invista-em-seguranca-alimentar","status":"publish","type":"post","link":"https:\/\/migracao.redenoticia.com.br\/noticia\/2017\/fao-recomenda-que-brasil-invista-em-seguranca-alimentar\/123539","title":{"rendered":"FAO recomenda que Brasil invista em seguran\u00e7a alimentar"},"content":{"rendered":"<p> Um relat\u00f3rio da Organiza\u00e7\u00e3o das Na\u00e7\u00f5es Unidas para Agricultura e Alimenta\u00e7\u00e3o (FAO) recomenda que o Brasil incentive o cuidado com a alimenta\u00e7\u00e3o e mantenha programas governamentais de acesso a alimentos para garantir a <strong><em>seguran\u00e7a alimentar<\/em><\/strong> dos brasileiros.<\/p>\n<p>O relat\u00f3rio da FAO Panorama da Seguran\u00e7a Alimentar e Nutricional na Am\u00e9rica Latina e no Caribe 2017 indica que o Brasil ser\u00e1 capaz de acabar com a fome, que hoje atinge cerca de 3% da popula\u00e7\u00e3o, at\u00e9 2030. No entanto, para garantir a seguran\u00e7a alimentar e nutricional, os brasileiros precisam consumir os nutrientes corretos e at\u00e9 mesmo praticar exerc\u00edcios f\u00edsicos.<\/p>\n<p>No Brasil, a alimenta\u00e7\u00e3o \u00e9 um direito garantido pela Constitui\u00e7\u00e3o Federal e, mundialmente, o tema \u00e9 um dos Objetivos de Desenvolvimento Sustent\u00e1vel das Na\u00e7\u00f5es Unidas, que tem como meta acabar com a fome no mundo at\u00e9 2030.<\/p>\n<p>&#8220;O Brasil est\u00e1 muito bem em termos gerais. Em 2014 saiu do Mapa da Fome, com \u00edndice de inseguran\u00e7a alimentar abaixo de 5%. Isso revela uma situa\u00e7\u00e3o que n\u00e3o \u00e9 estrutural. S\u00e3o grupos, que precisam de pol\u00edticas focais. O Brasil n\u00e3o tem mais o problema estrutural da fome como outros pa\u00edses da Am\u00e9rica Latina&#8221;, diz o representante da FAO no Brasil, Alan Bojanic.<\/p>\n<p> O relat\u00f3rio da FAO indica que o Brasil s\u00f3 vai alcan\u00e7ar o Objetivo de Desenvolvimento Sustent\u00e1vel de n\u00famero 2: Fome Zero at\u00e9 2030, se houver continuidade nos investimentos em pol\u00edticas p\u00fablicas voltadas \u00e0s popula\u00e7\u00f5es mais vulner\u00e1veis.<\/p>\n<p>&#8220;\u00c9 importante manter o n\u00edvel de investimento social que se tinha. A crise, com certeza, \u00e9 uma amea\u00e7a para esses programas. N\u00e3o \u00e9 f\u00e1cil alocar recursos nesse momento, mas vamos torcer para que a economia consiga se recuperar e que haja recursos e investimento efetivo no desenvolvimento rural sustent\u00e1vel, que \u00e9 a chave [para a seguran\u00e7a alimentar]&#8221;, diz Bojanic.<\/p>\n<p>Diversos programas governamentais t\u00eam impacto na seguran\u00e7a alimentar dos brasileiros e eles est\u00e3o distribu\u00eddos em v\u00e1rias pastas, como Educa\u00e7\u00e3o e Sa\u00fade com merenda escolar e campanhas de alimenta\u00e7\u00e3o saud\u00e1vel e combate \u00e0 obesidade; Agricultura Familiar e Desenvolvimento Agr\u00e1rio e Agricultura, Pecu\u00e1ria e Abastecimento, com programas de cr\u00e9dito e financiamento para agricultores familiares; Desenvolvimento Social com Bolsa Fam\u00edlia e outros programas.<\/p>\n<p>A secret\u00e1ria-adjunta de Seguran\u00e7a Alimentar e Nutricional do Minist\u00e9rio do Desenvolvimento Social, Lilian Rahal, ressalta que ainda n\u00e3o \u00e9 poss\u00edvel ter um or\u00e7amento fechado do ano para pol\u00edticas voltadas \u00e0 alimenta\u00e7\u00e3o porque os n\u00fameros ainda podem crescer com suplementa\u00e7\u00f5es. \u201cA situa\u00e7\u00e3o do or\u00e7amento \u00e9 p\u00fablica, todo mundo sabe, temos uma redu\u00e7\u00e3o sim, mas temos trabalhado para manter nossos programas operando, principalmente, para as popula\u00e7\u00f5es que de fato precisam dessas pol\u00edticas\u201d, diz.<\/p>\n<p>Segundo ela, apesar da redu\u00e7\u00e3o em programas como o de aquisi\u00e7\u00e3o de alimentos, por meio do qual o governo adquire alimentos de agricultores familiares para popula\u00e7\u00f5es mais vulner\u00e1veis, que passou de R$ 500 milh\u00f5es no ano passado para R$ 320 milh\u00f5es este ano; outros programas, como o de cisternas, aumentaram o or\u00e7amento, passando de R$ 125 milh\u00f5es para R$ 250 milh\u00f5es. Os valores s\u00e3o previs\u00f5es que ainda podem aumentar.<\/p>\n<p>Desafios<\/p>\n<p>O Brasil \u00e9 um pa\u00eds que lida com dois extremos, s\u00e3o 7,2 milh\u00f5es de pessoas em situa\u00e7\u00e3o de inseguran\u00e7a alimentar grave. Por outro lado, 60% dos brasileiros est\u00e3o com sobrepeso e 20%, obesos. Al\u00e9m disso, um ter\u00e7o das crian\u00e7as est\u00e1 acima do peso<\/p>\n<p>&#8220;A partir do momento que o Brasil sai do Mapa da Fome e a fome deixa de ser estrutural, come\u00e7amos a nos preocupar com outras dimens\u00f5es da m\u00e1 nutri\u00e7\u00e3o, que n\u00e3o a desnutri\u00e7\u00e3o, que passa a ser localizada. A nossa preocupa\u00e7\u00e3o \u00e9 dar conta do que ainda temos de desnutri\u00e7\u00e3o e dar conta de outras formas da m\u00e1 nutri\u00e7\u00e3o, como a defici\u00eancia de nutrientes, sobrepeso e obesidade&#8221;, diz a secret\u00e1ria-adjunta.<\/p>\n<p>Mariana Tokarnia \u2013 Rep\u00f3rter da Ag\u00eancia Brasil<br \/>\nEdi\u00e7\u00e3o: Denise Griesinger<br \/>\n17\/10\/2017<\/p>\n","protected":false},"excerpt":{"rendered":"<p>Um relat\u00f3rio da Organiza\u00e7\u00e3o das Na\u00e7\u00f5es Unidas para Agricultura e Alimenta\u00e7\u00e3o (FAO) recomenda que o Brasil incentive o cuidado com a alimenta\u00e7\u00e3o e mantenha programas governamentais de acesso a alimentos para garantir a seguran\u00e7a alimentar dos brasileiros. O relat\u00f3rio da FAO Panorama da Seguran\u00e7a Alimentar e Nutricional na Am\u00e9rica Latina e no Caribe 2017 indica [&hellip;]<\/p>\n","protected":false},"author":2,"featured_media":36215,"comment_status":"open","ping_status":"closed","sticky":false,"template":"","format":"standard","meta":{"tdm_status":"","tdm_grid_status":"","footnotes":""},"categories":[22,5],"tags":[],"class_list":{"0":"post-123539","1":"post","2":"type-post","3":"status-publish","4":"format-standard","5":"has-post-thumbnail","7":"category-brasil","8":"category-saude-e-vida"},"_links":{"self":[{"href":"https:\/\/migracao.redenoticia.com.br\/noticia\/wp-json\/wp\/v2\/posts\/123539","targetHints":{"allow":["GET"]}}],"collection":[{"href":"https:\/\/migracao.redenoticia.com.br\/noticia\/wp-json\/wp\/v2\/posts"}],"about":[{"href":"https:\/\/migracao.redenoticia.com.br\/noticia\/wp-json\/wp\/v2\/types\/post"}],"author":[{"embeddable":true,"href":"https:\/\/migracao.redenoticia.com.br\/noticia\/wp-json\/wp\/v2\/users\/2"}],"replies":[{"embeddable":true,"href":"https:\/\/migracao.redenoticia.com.br\/noticia\/wp-json\/wp\/v2\/comments?post=123539"}],"version-history":[{"count":0,"href":"https:\/\/migracao.redenoticia.com.br\/noticia\/wp-json\/wp\/v2\/posts\/123539\/revisions"}],"wp:featuredmedia":[{"embeddable":true,"href":"https:\/\/migracao.redenoticia.com.br\/noticia\/wp-json\/wp\/v2\/media\/36215"}],"wp:attachment":[{"href":"https:\/\/migracao.redenoticia.com.br\/noticia\/wp-json\/wp\/v2\/media?parent=123539"}],"wp:term":[{"taxonomy":"category","embeddable":true,"href":"https:\/\/migracao.redenoticia.com.br\/noticia\/wp-json\/wp\/v2\/categories?post=123539"},{"taxonomy":"post_tag","embeddable":true,"href":"https:\/\/migracao.redenoticia.com.br\/noticia\/wp-json\/wp\/v2\/tags?post=123539"}],"curies":[{"name":"wp","href":"https:\/\/api.w.org\/{rel}","templated":true}]}}