{"id":123541,"date":"2017-10-17T00:39:42","date_gmt":"2017-10-17T02:39:42","guid":{"rendered":"https:\/\/www.redenoticia.com.br\/noticia\/?p=123541"},"modified":"2017-10-16T23:32:50","modified_gmt":"2017-10-17T01:32:50","slug":"sao-paulo-tera-pontos-de-coleta-para-dar-destinacao-correta-a-eletroeletronicos","status":"publish","type":"post","link":"https:\/\/migracao.redenoticia.com.br\/noticia\/2017\/sao-paulo-tera-pontos-de-coleta-para-dar-destinacao-correta-a-eletroeletronicos\/123541","title":{"rendered":"S\u00e3o Paulo ter\u00e1 pontos de coleta para dar destina\u00e7\u00e3o correta a eletroeletr\u00f4nicos"},"content":{"rendered":"<p> A Associa\u00e7\u00e3o Brasileira da Ind\u00fastria El\u00e9trica e Eletr\u00f4nica (Abinee), a Federa\u00e7\u00e3o do Com\u00e9rcio de Bens, Servi\u00e7os e Turismo do Estado de S\u00e3o Paulo (FecomercioSP) e a Secretaria Estadual de Meio Ambiente, por meio da Companhia Ambiental do Estado de S\u00e3o Paulo (Cetesb), assinaram um termo de compromisso para <strong><em>log\u00edstica reversa de produtos eletroeletr\u00f4nicos<\/em><\/strong> de uso dom\u00e9stico.<\/p>\n<p>O compromisso tem validade de quatro anos e permitir\u00e1 que as empresas e lojas recebam equipamentos eletr\u00f4nicos (aparelhos de telefone, celulares, videogames, acess\u00f3rios eletr\u00f4nicos, c\u00e2meras de foto e v\u00eddeo, impressoras, desktops, laptops, tablets, notepads e similares) dos consumidores para dar destina\u00e7\u00e3o correta a esses objetos. Ser\u00e3o instaladas na cidade de S\u00e3o Paulo 16 urnas para recolhimento dos res\u00edduos. Uma delas ficar\u00e1 dispon\u00edvel na sede da Cetesb.<\/p>\n<p>Segundo o presidente da Abinee, Humberto Barbato, a iniciativa privada teve que se organizar bastante para poder chegar at\u00e9 a assinatura. Uma das iniciativas da Abinee foi a cria\u00e7\u00e3o da Green-eletron, entidade para cuidar da opera\u00e7\u00e3o da ind\u00fastria do setor eletroeletr\u00f4nico.<\/p>\n<p>&#8220;Essa iniciativa refor\u00e7a o compromisso do setor industrial nesse tema. O termo prev\u00ea a instala\u00e7\u00e3o de pontos de recebimento em locais de f\u00e1cil acesso e visualiza\u00e7\u00e3o. Esse \u00e9 um dos primeiros passos que estamos dando em dire\u00e7\u00e3o a um ambiente mais sustent\u00e1vel que \u00e9 o que todos esperamos&#8221;, disse Barbato.<\/p>\n<p>O diretor de Sustentabilidade da Abinee, Jo\u00e3o Carlos Redondo, explicou que o estado de S\u00e3o Paulo \u00e9 o primeiro onde existe um conv\u00eanio firmado entre uma entidade p\u00fablica e o setor privado: &#8220;esperamos que essa a\u00e7\u00e3o sirva de modelo para outros estados. A Pol\u00edtica Nacional de Res\u00edduos S\u00f3lidos gerou um marco legal para o setor, mas os estados t\u00eam regulamentado a pol\u00edtica de forma muito diferente, o que dificulta a a\u00e7\u00e3o do setor privado. S\u00e3o Paulo deu um passo na dire\u00e7\u00e3o de simplificar&#8221;.<\/p>\n<p>Jo\u00e3o Carlos Redondo lembra que muitas pessoas ainda n\u00e3o se conscientizaram de que h\u00e1 maneiras corretas para o descarte desse material e que, para chamar a aten\u00e7\u00e3o para isso, ser\u00e1 feita um a\u00e7\u00e3o coletiva de comunica\u00e7\u00e3o por meio da imprensa e m\u00eddias sociais. &#8220;A parceria com a Fecomercio vai nos dar capacidade de chegar ao consumidor, no ato da compra, sobre como descartar o produto velho. \u00c9 uma forma de educar o consumidor porque se ele n\u00e3o se engajar nesse sistema, dificilmente vai dar certo&#8221;.<\/p>\n<p>Segundo a Abinee, atualmente se recolhe menos de 2% do material usado. Com o descarte adequado \u00e9 poss\u00edvel gerar um economia de 70% de energia e de mais de 65% de emiss\u00e3o de carbono. &#8220;H\u00e1 um redu\u00e7\u00e3o de impacto ambiental significativo nesse processo&#8221;, disse.<\/p>\n<p>O presidente da Cetesb, Carlos Roberto Santos, ressaltou que a assinatura do termo mostra rela\u00e7\u00e3o de confian\u00e7a entre o \u00f3rg\u00e3o publico e o setor privado. &#8220;Vejo com clareza hoje que n\u00e3o existe mais um muro entre as duas entidades. A conversa entre as duas partes est\u00e1 sendo amig\u00e1vel e respons\u00e1vel. Tamb\u00e9m vejo aqui a aplica\u00e7\u00e3o dos conceitos das normas ambientais especialmente da ISO 14.031 que versa sobre o ciclo de vida do produto, que se encaixa na log\u00edstica reversa e sua aplica\u00e7\u00e3o&#8221;.<\/p>\n<p>O presidente de Sustentabilidade da FecomercioSP, Jos\u00e9 Goldenberg, observou que com a lei de log\u00edstica reversa o setor de com\u00e9rcio ficou diante de uma encruzilhada porque todos os produtos passam pelos estabelecimentos comerciais e pela lei v\u00e3o acabar passando novamente quando s\u00e3o descartados. &#8220;Acho perfeitamente normal que se aproveite os materiais e a extens\u00e3o disso para outras \u00e1reas e os eletroeletr\u00f4nicos que envolvem equipamentos mais volumosos. \u00c9 uma grande satisfa\u00e7\u00e3o assinar esse conv\u00eanio&#8221;.<\/p>\n<p>Fl\u00e1via Albuquerque \u2013 Rep\u00f3rter da Ag\u00eancia Brasil<br \/>\nEdi\u00e7\u00e3o: Denise Griesinger<br \/>\n17\/10\/2017<\/p>\n","protected":false},"excerpt":{"rendered":"<p>A Associa\u00e7\u00e3o Brasileira da Ind\u00fastria El\u00e9trica e Eletr\u00f4nica (Abinee), a Federa\u00e7\u00e3o do Com\u00e9rcio de Bens, Servi\u00e7os e Turismo do Estado de S\u00e3o Paulo (FecomercioSP) e a Secretaria Estadual de Meio Ambiente, por meio da Companhia Ambiental do Estado de S\u00e3o Paulo (Cetesb), assinaram um termo de compromisso para log\u00edstica reversa de produtos eletroeletr\u00f4nicos de uso [&hellip;]<\/p>\n","protected":false},"author":2,"featured_media":57578,"comment_status":"open","ping_status":"closed","sticky":false,"template":"","format":"standard","meta":{"tdm_status":"","tdm_grid_status":"","footnotes":""},"categories":[22],"tags":[],"class_list":{"0":"post-123541","1":"post","2":"type-post","3":"status-publish","4":"format-standard","5":"has-post-thumbnail","7":"category-brasil"},"_links":{"self":[{"href":"https:\/\/migracao.redenoticia.com.br\/noticia\/wp-json\/wp\/v2\/posts\/123541","targetHints":{"allow":["GET"]}}],"collection":[{"href":"https:\/\/migracao.redenoticia.com.br\/noticia\/wp-json\/wp\/v2\/posts"}],"about":[{"href":"https:\/\/migracao.redenoticia.com.br\/noticia\/wp-json\/wp\/v2\/types\/post"}],"author":[{"embeddable":true,"href":"https:\/\/migracao.redenoticia.com.br\/noticia\/wp-json\/wp\/v2\/users\/2"}],"replies":[{"embeddable":true,"href":"https:\/\/migracao.redenoticia.com.br\/noticia\/wp-json\/wp\/v2\/comments?post=123541"}],"version-history":[{"count":0,"href":"https:\/\/migracao.redenoticia.com.br\/noticia\/wp-json\/wp\/v2\/posts\/123541\/revisions"}],"wp:featuredmedia":[{"embeddable":true,"href":"https:\/\/migracao.redenoticia.com.br\/noticia\/wp-json\/wp\/v2\/media\/57578"}],"wp:attachment":[{"href":"https:\/\/migracao.redenoticia.com.br\/noticia\/wp-json\/wp\/v2\/media?parent=123541"}],"wp:term":[{"taxonomy":"category","embeddable":true,"href":"https:\/\/migracao.redenoticia.com.br\/noticia\/wp-json\/wp\/v2\/categories?post=123541"},{"taxonomy":"post_tag","embeddable":true,"href":"https:\/\/migracao.redenoticia.com.br\/noticia\/wp-json\/wp\/v2\/tags?post=123541"}],"curies":[{"name":"wp","href":"https:\/\/api.w.org\/{rel}","templated":true}]}}