{"id":123604,"date":"2017-10-17T16:34:23","date_gmt":"2017-10-17T18:34:23","guid":{"rendered":"https:\/\/www.redenoticia.com.br\/noticia\/?p=123604"},"modified":"2017-10-21T19:01:20","modified_gmt":"2017-10-21T21:01:20","slug":"resumo-novela-chiquititas-1810-gabriela-atende-a-ligacao-de-junior","status":"publish","type":"post","link":"https:\/\/migracao.redenoticia.com.br\/noticia\/2017\/resumo-novela-chiquititas-1810-gabriela-atende-a-ligacao-de-junior\/123604","title":{"rendered":"Resumo novela \u201cChiquititas\u201d 18\/10: Gabriela atende a liga\u00e7\u00e3o de J\u00fanior"},"content":{"rendered":"<p><img loading=\"lazy\" decoding=\"async\" class=\"alignleft size-thumbnail wp-image-49690\" src=\"https:\/\/migracao.redenoticia.com.br\/noticia\/imagens\/chiquititas1-150x112.jpg\" alt=\"chiquititas\" width=\"150\" height=\"112\" \/><strong><em>Resumo novela \u201cChiquititas\u201d 18\/10<\/em><\/strong>: no cap\u00edtulo 287(*) da novela \u201cChiquititas\u201d, resumo de quarta-feira, 18 de outubro, Mili consola Carol, que fica triste com a partida de Dani. Bruno mostra seu apartamento para Dani. Como o apartamento \u00e9 pequeno, de apenas um quarto, a menina precisa dormir na sala. Samuca cria um novo invento para detectar sintomas da paix\u00e3o. Ele usa o invento com Vivi, mas a princ\u00edpio n\u00e3o indica que a chiquitita sente algo por ele. Miguel pede para Sim\u00e3o lhe ajudar a conseguir visitar sua m\u00e3e, Valentina, que est\u00e1 na mans\u00e3o dos Almeida Campos se recuperando do coma. Junior decide ligar de volta para o n\u00famero que ligou para Carmen. Ele percebe que o n\u00famero de telefone \u00e9 da Fran\u00e7a. Gabriela atende a liga\u00e7\u00e3o e diz se chamar Sofia (ela est\u00e1 sem mem\u00f3ria e Carmen fez ela acreditar que se chama assim). Nicolette logo pega o telefone e tenta despistar Junior. Rafa usa o invento de Samuca com Bel. O equipamento indica que ela gosta dele. Rafa fica feliz. Na exposi\u00e7\u00e3o das telas, na Fran\u00e7a, Cintia ressurge, v\u00ea Gabriela e a reconhece. Ela percebe que t\u00eam algo de errado para Gabriela estar bem, fora do bloqueio psicol\u00f3gico e acreditando se chamar Sofia. Na escola, Janj\u00e3o, Mosca, Bia e Janu s\u00e3o trancados na sala de aula. Eles estavam de castigo por terem colado, mas percebem terem sido esquecidos na escola. Na Fran\u00e7a, Cintia conversa com Gabriela e descobre que ela perdeu a mem\u00f3ria. Cintia diz que ir\u00e1 ajud\u00e1-la, pois era muito pr\u00f3xima de sua fam\u00edlia. Miguel consegue ver sua m\u00e3e na mans\u00e3o dos Almeida Campos. Samuca pede para Cris ajud\u00e1-lo com dicas para conquistar Vivi.<\/p>\n<p>(*) edi\u00e7\u00e3o do SBT, Novela \u201cChiquititas\u201d, sujeito a altera\u00e7\u00e3o de data e conte\u00fado.<\/p>\n<p>Chiquititas gira em torno do orfanato Raio de Luz, que carrega em sua hist\u00f3ria um grande segredo envolvendo a fam\u00edlia e o dono do orfanato, Dr. Jos\u00e9 Ricardo Almeida Campos. Em um per\u00edodo anterior \u00e0 novela, exatos treze anos, sua filha Gabriela se apaixonou e ficou gr\u00e1vida de Miguel, filho de Valentina, empregada da casa dos Almeida Campos. Pouco depois, Jos\u00e9 Ricardo sequestrou sua neta, pois, como um homem conservador, ele n\u00e3o aceitava a ideia de que sua filha se envolvesse com um empregado. Como sua neta, Milena, apelidada como Mili, precisava de um lugar para morar, ele comprou um casar\u00e3o e fundou um orfanato, o Raio de Luz. Mili cresceu l\u00e1 com outras garotas que chegaram posteriormente: Bia, Ana, as irm\u00e3s Tati e Vivi, e Cris. Ao decorrer dos anos, elas se tornam uma fam\u00edlia. Elas s\u00e3o supervisionadas por Ernestina, zeladora do orfanato, e Chico, o cozinheiro amado pelas internas. Sofia, ex-governanta da fam\u00edlia Almeida Campos, \u00e9 a diretora do lugar, at\u00e9 que Carmem, irm\u00e3 de Jos\u00e9 Ricardo, entre em seu lugar. Chegam ainda mais \u00f3rf\u00e3os: Pata, Mosca, Binho e Rafa, que viviam nas ruas antes de entrarem na institui\u00e7\u00e3o. Pata e Mili tornam-se amigas rapidamente, enquanto Mosca, Binho e Rafa s\u00e3o os primeiros garotos a entrar no abrigo. As crian\u00e7as sem-teto foram ajudadas por uma doce e bela garota que tocam e mudam a vida delas, assim como as das garotas \u00f3rf\u00e3s.<\/p>\n","protected":false},"excerpt":{"rendered":"<p>Resumo novela \u201cChiquititas\u201d 18\/10: no cap\u00edtulo 287(*) da novela \u201cChiquititas\u201d, resumo de quarta-feira, 18 de outubro, Mili consola Carol, que fica triste com a partida de Dani. Bruno mostra seu apartamento para Dani. Como o apartamento \u00e9 pequeno, de apenas um quarto, a menina precisa dormir na sala. Samuca cria um novo invento para detectar [&hellip;]<\/p>\n","protected":false},"author":4,"featured_media":49690,"comment_status":"open","ping_status":"closed","sticky":false,"template":"","format":"standard","meta":{"tdm_status":"","tdm_grid_status":"","footnotes":""},"categories":[409,379,372,343],"tags":[441],"class_list":{"0":"post-123604","1":"post","2":"type-post","3":"status-publish","4":"format-standard","5":"has-post-thumbnail","7":"category-chiquititas","8":"category-novelas","9":"category-sbt","10":"category-televisao","11":"tag-resumo-do-dia"},"_links":{"self":[{"href":"https:\/\/migracao.redenoticia.com.br\/noticia\/wp-json\/wp\/v2\/posts\/123604","targetHints":{"allow":["GET"]}}],"collection":[{"href":"https:\/\/migracao.redenoticia.com.br\/noticia\/wp-json\/wp\/v2\/posts"}],"about":[{"href":"https:\/\/migracao.redenoticia.com.br\/noticia\/wp-json\/wp\/v2\/types\/post"}],"author":[{"embeddable":true,"href":"https:\/\/migracao.redenoticia.com.br\/noticia\/wp-json\/wp\/v2\/users\/4"}],"replies":[{"embeddable":true,"href":"https:\/\/migracao.redenoticia.com.br\/noticia\/wp-json\/wp\/v2\/comments?post=123604"}],"version-history":[{"count":0,"href":"https:\/\/migracao.redenoticia.com.br\/noticia\/wp-json\/wp\/v2\/posts\/123604\/revisions"}],"wp:featuredmedia":[{"embeddable":true,"href":"https:\/\/migracao.redenoticia.com.br\/noticia\/wp-json\/wp\/v2\/media\/49690"}],"wp:attachment":[{"href":"https:\/\/migracao.redenoticia.com.br\/noticia\/wp-json\/wp\/v2\/media?parent=123604"}],"wp:term":[{"taxonomy":"category","embeddable":true,"href":"https:\/\/migracao.redenoticia.com.br\/noticia\/wp-json\/wp\/v2\/categories?post=123604"},{"taxonomy":"post_tag","embeddable":true,"href":"https:\/\/migracao.redenoticia.com.br\/noticia\/wp-json\/wp\/v2\/tags?post=123604"}],"curies":[{"name":"wp","href":"https:\/\/api.w.org\/{rel}","templated":true}]}}