{"id":123607,"date":"2017-10-18T00:34:34","date_gmt":"2017-10-18T02:34:34","guid":{"rendered":"https:\/\/www.redenoticia.com.br\/noticia\/?p=123607"},"modified":"2017-10-17T16:29:51","modified_gmt":"2017-10-17T18:29:51","slug":"terceira-edicao-da-bbest-discutira-desafios-tecnologicos-para-a-bioenergia","status":"publish","type":"post","link":"https:\/\/migracao.redenoticia.com.br\/noticia\/2017\/terceira-edicao-da-bbest-discutira-desafios-tecnologicos-para-a-bioenergia\/123607","title":{"rendered":"Terceira edi\u00e7\u00e3o da BBEST discutir\u00e1 desafios tecnol\u00f3gicos para a bioenergia"},"content":{"rendered":"<p> Recentes avan\u00e7os de pesquisas cient\u00edficas e tecnol\u00f3gicas em <strong><em>bioenergia<\/em><\/strong> \u2013 como as primeiras plantas desenvolvidas no Brasil e nos Estados Unidos para produ\u00e7\u00e3o do etanol de segunda gera\u00e7\u00e3o e a produ\u00e7\u00e3o industrial de biopl\u00e1sticos de primeira e segunda gera\u00e7\u00e3o \u2013 est\u00e3o no foco da terceira BBEST \u2013 Brazilian BioEnergy Science and Tecnology Conference, que ser\u00e1 realizada em Campos do Jord\u00e3o (SP) de 17 a 19 de outubro de 2017.<\/p>\n<p>Com o tema central \u201cDesigning a Sustainable Bioeconomy\u201d (Projetando uma bioeconomia sustent\u00e1vel), a confer\u00eancia destaca o papel das comunidades cient\u00edfica e empresarial na solu\u00e7\u00e3o de desafios tecnol\u00f3gicos sobre o uso sustent\u00e1vel de recursos biol\u00f3gicos. Algumas \u00e1reas e t\u00f3picos de palestras e debates s\u00e3o relativos a mat\u00e9rias-primas \u2013 como agronomia, melhoramento gen\u00e9tico e biotecnologia de plantas energ\u00e9ticas \u2013, e tamb\u00e9m a motores e outros dispositivos de convers\u00e3o de energia, sustentabilidade e impactos ambientais e socioecon\u00f4micos da produ\u00e7\u00e3o de bioenergia.<\/p>\n<p>Paralelamente \u00e0 programa\u00e7\u00e3o cient\u00edfica, a BBEST 2017 promover\u00e1 atividades para incentivar a colabora\u00e7\u00e3o entre o setor privado e a academia, como apresenta\u00e7\u00f5es das estrat\u00e9gias de P&amp;D de empresas convidadas, rodadas de discuss\u00e3o entre empres\u00e1rios e pesquisadores, al\u00e9m de oportunidades de apoio a projetos de pesquisa no \u00e2mbito do Programa Pesquisa Inovativa em Pequenas Empresas (PIPE), da FAPESP.<\/p>\n<p>Na v\u00e9spera da abertura da confer\u00eancia haver\u00e1 cursos tutoriais em empreendedorismo\/cria\u00e7\u00e3o de planos de neg\u00f3cios para desenvolvimento de inova\u00e7\u00f5es sustent\u00e1veis; produ\u00e7\u00e3o industrial de biocombust\u00edveis; cana-de-a\u00e7\u00facar e cana-energia; sustentabilidade no uso da \u00e1gua e da terra na produ\u00e7\u00e3o de bioenergia.<\/p>\n<p>Participam da confer\u00eancia pesquisadores, profissionais e estudantes brasileiros e de outros nove pa\u00edses ligados a universidades e institui\u00e7\u00f5es de pesquisa, governo, organiza\u00e7\u00f5es n\u00e3o governamentais, ag\u00eancias de energia, ind\u00fastria e empresas p\u00fablicas e privadas. A confer\u00eancia tem apoio da FAPESP no \u00e2mbito do Programa FAPESP de Pesquisa em Bioenergia (BIOEN).<\/p>\n<p>Lan\u00e7ado em 2008, o BIOEN financia pesquisas realizadas por mais de 300 cientistas no Brasil e no exterior que envolvem desde a biologia molecular de plantas energ\u00e9ticas, como a cana-de-a\u00e7\u00facar, \u00e0 melhoria de motores movidos a biocombust\u00edvel.<\/p>\n<p>BBEST 2017 \u2013 Brazilian BioEnergy Science and Technology Conference<br \/>\nData: 17 a 19 de outubro de 2017<br \/>\nLocal: Campos do Jord\u00e3o Convention Center; av. Macedo Soares, 499, Campos do Jord\u00e3o, S\u00e3o Paulo<\/p>\n<p>Mais informa\u00e7\u00f5es, inscri\u00e7\u00f5es e programa\u00e7\u00e3o:\u00a0<\/p>\n","protected":false},"excerpt":{"rendered":"<p>Recentes avan\u00e7os de pesquisas cient\u00edficas e tecnol\u00f3gicas em bioenergia \u2013 como as primeiras plantas desenvolvidas no Brasil e nos Estados Unidos para produ\u00e7\u00e3o do etanol de segunda gera\u00e7\u00e3o e a produ\u00e7\u00e3o industrial de biopl\u00e1sticos de primeira e segunda gera\u00e7\u00e3o \u2013 est\u00e3o no foco da terceira BBEST \u2013 Brazilian BioEnergy Science and Tecnology Conference, que ser\u00e1 [&hellip;]<\/p>\n","protected":false},"author":2,"featured_media":36246,"comment_status":"open","ping_status":"closed","sticky":false,"template":"","format":"standard","meta":{"tdm_status":"","tdm_grid_status":"","footnotes":""},"categories":[22],"tags":[],"class_list":{"0":"post-123607","1":"post","2":"type-post","3":"status-publish","4":"format-standard","5":"has-post-thumbnail","7":"category-brasil"},"_links":{"self":[{"href":"https:\/\/migracao.redenoticia.com.br\/noticia\/wp-json\/wp\/v2\/posts\/123607","targetHints":{"allow":["GET"]}}],"collection":[{"href":"https:\/\/migracao.redenoticia.com.br\/noticia\/wp-json\/wp\/v2\/posts"}],"about":[{"href":"https:\/\/migracao.redenoticia.com.br\/noticia\/wp-json\/wp\/v2\/types\/post"}],"author":[{"embeddable":true,"href":"https:\/\/migracao.redenoticia.com.br\/noticia\/wp-json\/wp\/v2\/users\/2"}],"replies":[{"embeddable":true,"href":"https:\/\/migracao.redenoticia.com.br\/noticia\/wp-json\/wp\/v2\/comments?post=123607"}],"version-history":[{"count":0,"href":"https:\/\/migracao.redenoticia.com.br\/noticia\/wp-json\/wp\/v2\/posts\/123607\/revisions"}],"wp:featuredmedia":[{"embeddable":true,"href":"https:\/\/migracao.redenoticia.com.br\/noticia\/wp-json\/wp\/v2\/media\/36246"}],"wp:attachment":[{"href":"https:\/\/migracao.redenoticia.com.br\/noticia\/wp-json\/wp\/v2\/media?parent=123607"}],"wp:term":[{"taxonomy":"category","embeddable":true,"href":"https:\/\/migracao.redenoticia.com.br\/noticia\/wp-json\/wp\/v2\/categories?post=123607"},{"taxonomy":"post_tag","embeddable":true,"href":"https:\/\/migracao.redenoticia.com.br\/noticia\/wp-json\/wp\/v2\/tags?post=123607"}],"curies":[{"name":"wp","href":"https:\/\/api.w.org\/{rel}","templated":true}]}}