{"id":123610,"date":"2017-10-17T16:36:43","date_gmt":"2017-10-17T18:36:43","guid":{"rendered":"https:\/\/www.redenoticia.com.br\/noticia\/?p=123610"},"modified":"2017-10-21T19:01:01","modified_gmt":"2017-10-21T21:01:01","slug":"resumo-novela-malhacao-1810-ellen-decide-enfrentar-os-alunos-do-grupo","status":"publish","type":"post","link":"https:\/\/migracao.redenoticia.com.br\/noticia\/2017\/resumo-novela-malhacao-1810-ellen-decide-enfrentar-os-alunos-do-grupo\/123610","title":{"rendered":"Resumo novela \u201cMalha\u00e7\u00e3o\u201d 18\/10: Ellen decide enfrentar os alunos do Grupo"},"content":{"rendered":"<p><img loading=\"lazy\" decoding=\"async\" class=\"alignleft size-thumbnail wp-image-110075\" src=\"https:\/\/migracao.redenoticia.com.br\/noticia\/imagens\/malhacao-viva-a-diferenca-150x112.jpg\" alt=\"\" width=\"150\" height=\"112\" srcset=\"https:\/\/migracao.redenoticia.com.br\/noticia\/imagens\/malhacao-viva-a-diferenca-150x112.jpg 150w, https:\/\/migracao.redenoticia.com.br\/noticia\/imagens\/malhacao-viva-a-diferenca-265x198.jpg 265w\" sizes=\"auto, (max-width: 150px) 100vw, 150px\" \/><strong><em>Resumo novela \u201cMalha\u00e7\u00e3o\u201d 18\/10<\/em><\/strong>: no cap\u00edtulo 116(*) da novela \u201cMalha\u00e7\u00e3o\u201d, resumo de quarta-feira, 18 de outubro, Jota, Tina e Lica defendem Ellen e afastam dela os alunos agressores. Roney e Deco explicam que, para trocar o registro de Tonico, Tato precisar\u00e1 fazer um exame de DNA. B\u00f3ris questiona sua decis\u00e3o de deixar o col\u00e9gio, e D\u00f3ris o apoia. Clara cobra uma atitude de Malu quanto ao trote sofrido por Ellen. MB convida K1 para viajar. Das Dores e as meninas confortam Ellen. Keyla se preocupa com a tristeza de Tato por causa do registro de Tonico. Ellen confessa a Ben\u00ea que n\u00e3o sabe se quer continuar no Col\u00e9gio Grupo. Edgar conversa com Malu sobre o caso de Ellen. Lica se incomoda ao ver Lu\u00eds em sua casa. Clara discute com Malu. Ellen decide enfrentar os alunos do Grupo. Lica vai \u00e0 uma festa com MB, sem a permiss\u00e3o de Marta.<\/p>\n<p>(*) edi\u00e7\u00e3o da Rede Globo, Novela \u201cMalha\u00e7\u00e3o\u201d, sujeito a altera\u00e7\u00e3o de data e conte\u00fado.<\/p>\n<p>A vig\u00e9sima quinta temporada da s\u00e9rie de televis\u00e3o brasileira Malha\u00e7\u00e3o, produzida pela Rede Globo, \u00e9 escrita por Cao Hamburger, com colabora\u00e7\u00e3o de Jaqueline Vargas, Luciana Pessanha, Vitor Brandt e Carolina Ziskind, e conta com a dire\u00e7\u00e3o de Paulo Silvestrini. Pela primeira vez ap\u00f3s vinte e quatro temporadas, a novela ser\u00e1 ambientada nas zonas leste e sul da cidade de S\u00e3o Paulo. A trama \u00e9 protagonizada por Gabriela Medvedovski, Heslaine Vieira, Ana Hikari, Manoela Aliperti e Daphne Bozaski. O elenco tamb\u00e9m \u00e9 composto por Matheus Abreu, Hall Mendes, Juan Piava, Gabriel Calamari, Bruno Gadiol, Giovanna Grigio, Aline Fanju, L\u00facio Mauro Filho, Malu Galli, Angelo Ant\u00f4nio, Daniela Galli, Marcello Antony, Isabella Scherer, Talita Younan e Carol Macedo nos papeis principais.<\/p>\n","protected":false},"excerpt":{"rendered":"<p>Resumo novela \u201cMalha\u00e7\u00e3o\u201d 18\/10: no cap\u00edtulo 116(*) da novela \u201cMalha\u00e7\u00e3o\u201d, resumo de quarta-feira, 18 de outubro, Jota, Tina e Lica defendem Ellen e afastam dela os alunos agressores. Roney e Deco explicam que, para trocar o registro de Tonico, Tato precisar\u00e1 fazer um exame de DNA. B\u00f3ris questiona sua decis\u00e3o de deixar o col\u00e9gio, e [&hellip;]<\/p>\n","protected":false},"author":4,"featured_media":110072,"comment_status":"open","ping_status":"closed","sticky":false,"template":"","format":"standard","meta":{"tdm_status":"","tdm_grid_status":"","footnotes":""},"categories":[447,379,375,343],"tags":[441],"class_list":{"0":"post-123610","1":"post","2":"type-post","3":"status-publish","4":"format-standard","5":"has-post-thumbnail","7":"category-malhacao","8":"category-novelas","9":"category-rede-globo","10":"category-televisao","11":"tag-resumo-do-dia"},"_links":{"self":[{"href":"https:\/\/migracao.redenoticia.com.br\/noticia\/wp-json\/wp\/v2\/posts\/123610","targetHints":{"allow":["GET"]}}],"collection":[{"href":"https:\/\/migracao.redenoticia.com.br\/noticia\/wp-json\/wp\/v2\/posts"}],"about":[{"href":"https:\/\/migracao.redenoticia.com.br\/noticia\/wp-json\/wp\/v2\/types\/post"}],"author":[{"embeddable":true,"href":"https:\/\/migracao.redenoticia.com.br\/noticia\/wp-json\/wp\/v2\/users\/4"}],"replies":[{"embeddable":true,"href":"https:\/\/migracao.redenoticia.com.br\/noticia\/wp-json\/wp\/v2\/comments?post=123610"}],"version-history":[{"count":0,"href":"https:\/\/migracao.redenoticia.com.br\/noticia\/wp-json\/wp\/v2\/posts\/123610\/revisions"}],"wp:featuredmedia":[{"embeddable":true,"href":"https:\/\/migracao.redenoticia.com.br\/noticia\/wp-json\/wp\/v2\/media\/110072"}],"wp:attachment":[{"href":"https:\/\/migracao.redenoticia.com.br\/noticia\/wp-json\/wp\/v2\/media?parent=123610"}],"wp:term":[{"taxonomy":"category","embeddable":true,"href":"https:\/\/migracao.redenoticia.com.br\/noticia\/wp-json\/wp\/v2\/categories?post=123610"},{"taxonomy":"post_tag","embeddable":true,"href":"https:\/\/migracao.redenoticia.com.br\/noticia\/wp-json\/wp\/v2\/tags?post=123610"}],"curies":[{"name":"wp","href":"https:\/\/api.w.org\/{rel}","templated":true}]}}