{"id":123620,"date":"2017-10-18T00:35:18","date_gmt":"2017-10-18T02:35:18","guid":{"rendered":"https:\/\/www.redenoticia.com.br\/noticia\/?p=123620"},"modified":"2017-10-17T16:22:35","modified_gmt":"2017-10-17T18:22:35","slug":"poli-usp-oferece-mestrado-em-engenharia-de-sistemas-logisticos","status":"publish","type":"post","link":"https:\/\/migracao.redenoticia.com.br\/noticia\/2017\/poli-usp-oferece-mestrado-em-engenharia-de-sistemas-logisticos\/123620","title":{"rendered":"Poli-USP oferece mestrado em Engenharia de Sistemas Log\u00edsticos"},"content":{"rendered":"<p> Ag\u00eancia FAPESP\u00a0\u2013 O Programa de <strong><em>Mestrado em Engenharia de Sistemas Log\u00edsticos<\/em><\/strong> (MLog) da Escola Polit\u00e9cnica (Poli) da USP abriu processo seletivo, com inscri\u00e7\u00f5es at\u00e9 24 de outubro de 2017. S\u00e3o oferecidos o n\u00famero m\u00ednimo de seis vagas, podendo aumentar em fun\u00e7\u00e3o da disponibilidade de orientadores.<\/p>\n<p>O MLog \u00e9 oferecido apoiando-se em disciplinas e orientadores dos Departamentos de Engenharia de Computa\u00e7\u00e3o, Naval e Oce\u00e2nica, de Engenharia de Produ\u00e7\u00e3o e de Engenharia de Transportes da Poli e do Departamento de Economia, Administra\u00e7\u00e3o e Sociologia da Escola Superior de Agricultura Luiz de Queiroz.<\/p>\n<p>As vagas abertas s\u00e3o para projetos em duas linhas de pesquisa: \u201cModelagem, projeto e an\u00e1lise de sistemas log\u00edsticos sustent\u00e1veis\u201d e \u201cGest\u00e3o e opera\u00e7\u00e3o de sistemas log\u00edsticos sustent\u00e1veis\u201d. Inscri\u00e7\u00f5es devem ser feitas por meio de\u00a0\u00a0na internet.<\/p>\n<p>A primeira fase do processo seletivo \u00e9 composta por uma prova, que constar\u00e1 de exames de conhecimentos gerais relacionados \u00e0 Engenharia de Sistemas Log\u00edsticos e de profici\u00eancia em l\u00edngua estrangeira (ingl\u00eas). O exame de ingl\u00eas ser\u00e1 ministrado pelo Centro de L\u00ednguas da Faculdade de Filosofia, Letras e Ci\u00eancias Humanas da USP, sendo que o candidato dever\u00e1 recolher a taxa referente \u00e0 prova de profici\u00eancia em l\u00edngua inglesa (no valor de R$ 75) at\u00e9 o dia 24 de outubro.<\/p>\n<p>O exame de conhecimentos gerais e relacionados \u00e0 Engenharia de Sistemas Log\u00edsticos cobrar\u00e1 conhecimentos gerais e outros b\u00e1sicos da \u00e1rea, al\u00e9m de uma quest\u00e3o sobre o tema de pesquisa pretendido pelo candidato. Os candidatos devem apresentar temas associados \u00e0s linhas de pesquisa do programa.<\/p>\n<p>As provas ser\u00e3o realizadas em 8 de novembro, das 8 \u00e0s 13 horas, no Bi\u00eanio Anfiteatro Vermelho, na Poli (av. Prof. Luciano Gualberto, 380, Cidade Universit\u00e1ria, S\u00e3o Paulo). A nota m\u00ednima requerida \u00e9 de 60% do aproveitamento.<\/p>\n<p>A lista dos aprovados nos exames de conhecimentos gerais e l\u00edngua estrangeira ser\u00e1 divulgada at\u00e9 dia 4 de dezembro no site do programa (). A data e o local do exame de an\u00e1lise curricular com argui\u00e7\u00e3o dever\u00e3o ser comunicados aos aprovados nos exames de l\u00edngua estrangeira e conhecimentos gerais na mesma data.<\/p>\n<p>Mais informa\u00e7\u00f5es sobre a vaga e o processo seletivo est\u00e3o dispon\u00edveis em:\u00a0.<\/p>\n","protected":false},"excerpt":{"rendered":"<p>Ag\u00eancia FAPESP\u00a0\u2013 O Programa de Mestrado em Engenharia de Sistemas Log\u00edsticos (MLog) da Escola Polit\u00e9cnica (Poli) da USP abriu processo seletivo, com inscri\u00e7\u00f5es at\u00e9 24 de outubro de 2017. S\u00e3o oferecidos o n\u00famero m\u00ednimo de seis vagas, podendo aumentar em fun\u00e7\u00e3o da disponibilidade de orientadores. O MLog \u00e9 oferecido apoiando-se em disciplinas e orientadores dos [&hellip;]<\/p>\n","protected":false},"author":2,"featured_media":57576,"comment_status":"open","ping_status":"closed","sticky":false,"template":"","format":"standard","meta":{"tdm_status":"","tdm_grid_status":"","footnotes":""},"categories":[22,351,370],"tags":[],"class_list":{"0":"post-123620","1":"post","2":"type-post","3":"status-publish","4":"format-standard","5":"has-post-thumbnail","7":"category-brasil","8":"category-cursos","9":"category-inscricao"},"_links":{"self":[{"href":"https:\/\/migracao.redenoticia.com.br\/noticia\/wp-json\/wp\/v2\/posts\/123620","targetHints":{"allow":["GET"]}}],"collection":[{"href":"https:\/\/migracao.redenoticia.com.br\/noticia\/wp-json\/wp\/v2\/posts"}],"about":[{"href":"https:\/\/migracao.redenoticia.com.br\/noticia\/wp-json\/wp\/v2\/types\/post"}],"author":[{"embeddable":true,"href":"https:\/\/migracao.redenoticia.com.br\/noticia\/wp-json\/wp\/v2\/users\/2"}],"replies":[{"embeddable":true,"href":"https:\/\/migracao.redenoticia.com.br\/noticia\/wp-json\/wp\/v2\/comments?post=123620"}],"version-history":[{"count":0,"href":"https:\/\/migracao.redenoticia.com.br\/noticia\/wp-json\/wp\/v2\/posts\/123620\/revisions"}],"wp:featuredmedia":[{"embeddable":true,"href":"https:\/\/migracao.redenoticia.com.br\/noticia\/wp-json\/wp\/v2\/media\/57576"}],"wp:attachment":[{"href":"https:\/\/migracao.redenoticia.com.br\/noticia\/wp-json\/wp\/v2\/media?parent=123620"}],"wp:term":[{"taxonomy":"category","embeddable":true,"href":"https:\/\/migracao.redenoticia.com.br\/noticia\/wp-json\/wp\/v2\/categories?post=123620"},{"taxonomy":"post_tag","embeddable":true,"href":"https:\/\/migracao.redenoticia.com.br\/noticia\/wp-json\/wp\/v2\/tags?post=123620"}],"curies":[{"name":"wp","href":"https:\/\/api.w.org\/{rel}","templated":true}]}}