{"id":123763,"date":"2017-10-20T00:34:58","date_gmt":"2017-10-20T02:34:58","guid":{"rendered":"https:\/\/www.redenoticia.com.br\/noticia\/?p=123763"},"modified":"2017-10-19T16:09:57","modified_gmt":"2017-10-19T18:09:57","slug":"usp-oferece-mestrado-em-ciencias-de-computacao-e-matematica-computacional","status":"publish","type":"post","link":"https:\/\/migracao.redenoticia.com.br\/noticia\/2017\/usp-oferece-mestrado-em-ciencias-de-computacao-e-matematica-computacional\/123763","title":{"rendered":"USP oferece mestrado em Ci\u00eancias de Computa\u00e7\u00e3o e Matem\u00e1tica Computacional"},"content":{"rendered":"<p> Ag\u00eancia FAPESP\u00a0\u2013 O Instituto de Ci\u00eancias Matem\u00e1ticas e de Computa\u00e7\u00e3o (ICMC) da USP, em S\u00e3o Carlos, est\u00e1 com inscri\u00e7\u00f5es abertas para mestrado no Programa de <strong><em>P\u00f3s-Gradua\u00e7\u00e3o em Ci\u00eancias de Computa\u00e7\u00e3o e Matem\u00e1tica Computacional<\/em><\/strong> (PPG-CCMC). As inscri\u00e7\u00f5es devem ser feitas at\u00e9 dia 25 de outubro de 2017.<\/p>\n<p>S\u00e3o oferecidas at\u00e9 68 vagas e o processo seletivo ser\u00e1 realizado em apenas uma etapa. A admiss\u00e3o \u00e9 feita por processo seletivo com base em forma\u00e7\u00e3o acad\u00eamica (hist\u00f3rico do curso de gradua\u00e7\u00e3o e hist\u00f3rico de p\u00f3s-gradua\u00e7\u00e3o, se houver), com o peso 50%, curriculum vitae (atividades acad\u00eamicas, de pesquisa e profissionais), com peso 30%.<\/p>\n<p>Para os grupos de pesquisa de Ci\u00eancias de Computa\u00e7\u00e3o ser\u00e1 considerada a nota total do Exame Nacional na P\u00f3s-Gradua\u00e7\u00e3o em Computa\u00e7\u00e3o (Poscomp), com peso 20%. E para os grupos de pesquisa de Matem\u00e1tica Computacional ser\u00e1 considerada a nota das quest\u00f5es da \u00e1rea de Matem\u00e1tica do Exame Nacional Poscomp, tamb\u00e9m com peso de 20%.<\/p>\n<p>Os candidatos poder\u00e3o escolher uma das 12 linhas de pesquisa do curso. As linhas de pesquisa em Matem\u00e1tica Computacional s\u00e3o: \u201cMec\u00e2nica dos fluidos computacional\u201d, \u201cOtimiza\u00e7\u00e3o\u201d, \u201cProcessamento visual e geom\u00e9trico\u201d e \u201cSistemas complexos, de part\u00edculas e teoria de controle\u201d.<\/p>\n<p>J\u00e1 as linhas de pesquisa em Ci\u00eancias de Computa\u00e7\u00e3o s\u00e3o: \u201cRecupera\u00e7\u00e3o de informa\u00e7\u00f5es, descoberta de conhecimento e engenharia de bancos de dados\u201d, \u201cComputa\u00e7\u00e3o gr\u00e1fica, imagens e visualiza\u00e7\u00e3o\u201d, \u201cEngenharia de software e sistemas de informa\u00e7\u00e3o\u201d, \u201cIntelig\u00eancia artificial\u201d, \u201cRob\u00f3tica m\u00f3vel e redes inteligentes\u201d, \u201cSistemas distribu\u00eddos e programa\u00e7\u00e3o concorrente\u201d, \u201cSistemas embarcados e evolutivos\u201d e \u201cSistemas web e multim\u00eddia interativos\u201d.<\/p>\n<p>Podem participar do processo seletivo alunos que completaram a gradua\u00e7\u00e3o e efetuaram a cola\u00e7\u00e3o de grau at\u00e9 a data da matr\u00edcula. Os candidatos devem se inscrever pelo\u00a0\u00a0(\u00e9 preciso criar uma conta). A divulga\u00e7\u00e3o do processo seletivo ser\u00e1 no dia 15 de dezembro e o per\u00edodo de matr\u00edcula no curso ser\u00e1 entre 19 e 23 de fevereiro de 2018.<\/p>\n<p>Mais informa\u00e7\u00f5es sobre as vagas, a inscri\u00e7\u00e3o e o processo seletivo est\u00e3o dispon\u00edveis no seu\u00a0.<\/p>\n","protected":false},"excerpt":{"rendered":"<p>Ag\u00eancia FAPESP\u00a0\u2013 O Instituto de Ci\u00eancias Matem\u00e1ticas e de Computa\u00e7\u00e3o (ICMC) da USP, em S\u00e3o Carlos, est\u00e1 com inscri\u00e7\u00f5es abertas para mestrado no Programa de P\u00f3s-Gradua\u00e7\u00e3o em Ci\u00eancias de Computa\u00e7\u00e3o e Matem\u00e1tica Computacional (PPG-CCMC). As inscri\u00e7\u00f5es devem ser feitas at\u00e9 dia 25 de outubro de 2017. S\u00e3o oferecidas at\u00e9 68 vagas e o processo seletivo [&hellip;]<\/p>\n","protected":false},"author":2,"featured_media":37419,"comment_status":"closed","ping_status":"closed","sticky":false,"template":"","format":"standard","meta":{"tdm_status":"","tdm_grid_status":"","footnotes":""},"categories":[22,351,370],"tags":[],"class_list":{"0":"post-123763","1":"post","2":"type-post","3":"status-publish","4":"format-standard","5":"has-post-thumbnail","7":"category-brasil","8":"category-cursos","9":"category-inscricao"},"_links":{"self":[{"href":"https:\/\/migracao.redenoticia.com.br\/noticia\/wp-json\/wp\/v2\/posts\/123763","targetHints":{"allow":["GET"]}}],"collection":[{"href":"https:\/\/migracao.redenoticia.com.br\/noticia\/wp-json\/wp\/v2\/posts"}],"about":[{"href":"https:\/\/migracao.redenoticia.com.br\/noticia\/wp-json\/wp\/v2\/types\/post"}],"author":[{"embeddable":true,"href":"https:\/\/migracao.redenoticia.com.br\/noticia\/wp-json\/wp\/v2\/users\/2"}],"replies":[{"embeddable":true,"href":"https:\/\/migracao.redenoticia.com.br\/noticia\/wp-json\/wp\/v2\/comments?post=123763"}],"version-history":[{"count":0,"href":"https:\/\/migracao.redenoticia.com.br\/noticia\/wp-json\/wp\/v2\/posts\/123763\/revisions"}],"wp:featuredmedia":[{"embeddable":true,"href":"https:\/\/migracao.redenoticia.com.br\/noticia\/wp-json\/wp\/v2\/media\/37419"}],"wp:attachment":[{"href":"https:\/\/migracao.redenoticia.com.br\/noticia\/wp-json\/wp\/v2\/media?parent=123763"}],"wp:term":[{"taxonomy":"category","embeddable":true,"href":"https:\/\/migracao.redenoticia.com.br\/noticia\/wp-json\/wp\/v2\/categories?post=123763"},{"taxonomy":"post_tag","embeddable":true,"href":"https:\/\/migracao.redenoticia.com.br\/noticia\/wp-json\/wp\/v2\/tags?post=123763"}],"curies":[{"name":"wp","href":"https:\/\/api.w.org\/{rel}","templated":true}]}}