{"id":123786,"date":"2017-10-19T16:36:38","date_gmt":"2017-10-19T18:36:38","guid":{"rendered":"https:\/\/www.redenoticia.com.br\/noticia\/?p=123786"},"modified":"2017-10-21T19:00:16","modified_gmt":"2017-10-21T21:00:16","slug":"resumo-novela-malhacao-2010-tina-descobre-que-pode-ter-uma-doenca","status":"publish","type":"post","link":"https:\/\/migracao.redenoticia.com.br\/noticia\/2017\/resumo-novela-malhacao-2010-tina-descobre-que-pode-ter-uma-doenca\/123786","title":{"rendered":"Resumo novela \u201cMalha\u00e7\u00e3o\u201d 20\/10: Tina descobre que pode ter uma doen\u00e7a"},"content":{"rendered":"<p><img loading=\"lazy\" decoding=\"async\" class=\"alignleft size-thumbnail wp-image-110075\" src=\"https:\/\/migracao.redenoticia.com.br\/noticia\/imagens\/malhacao-viva-a-diferenca-150x112.jpg\" alt=\"\" width=\"150\" height=\"112\" srcset=\"https:\/\/migracao.redenoticia.com.br\/noticia\/imagens\/malhacao-viva-a-diferenca-150x112.jpg 150w, https:\/\/migracao.redenoticia.com.br\/noticia\/imagens\/malhacao-viva-a-diferenca-265x198.jpg 265w\" sizes=\"auto, (max-width: 150px) 100vw, 150px\" \/><strong><em>Resumo novela \u201cMalha\u00e7\u00e3o\u201d 20\/10<\/em><\/strong>: no cap\u00edtulo 118(*) da novela \u201cMalha\u00e7\u00e3o\u201d, resumo de sexta-feira, 20 de outubro, Tina incentiva Ellen a denunciar a atitude racista do alunos, mas ela afirma que prefere esperar. Anderson aconselha Tato a formar sua pr\u00f3pria fam\u00edlia. Edgar teme as pautas conservadoras que Malu prop\u00f5e para a escola. Ellen pede que Tina n\u00e3o comente com Anderson sobre o preconceito que sofreu. K2 sugere fugir com Tato. K1 descobre que MB saiu com Lica e se revolta com o menino. As meninas conversam com Keyla sobre Tato e Deco. Nena desconfia do comportamento de Ellen. Julinho atrapalha a noite rom\u00e2ntica de Josefina e Roney. Marta repreende Lica por mentir para ela. Mitsuko diz a Tina que questionar\u00e1 o Grupo sobre o caso de Ellen. Tina descobre que pode ter uma doen\u00e7a. Guto estimula Ben\u00ea a tocar piano em p\u00fablico.<\/p>\n<p>(*) edi\u00e7\u00e3o da Rede Globo, Novela \u201cMalha\u00e7\u00e3o\u201d, sujeito a altera\u00e7\u00e3o de data e conte\u00fado.<\/p>\n<p>A vig\u00e9sima quinta temporada da s\u00e9rie de televis\u00e3o brasileira Malha\u00e7\u00e3o, produzida pela Rede Globo, \u00e9 escrita por Cao Hamburger, com colabora\u00e7\u00e3o de Jaqueline Vargas, Luciana Pessanha, Vitor Brandt e Carolina Ziskind, e conta com a dire\u00e7\u00e3o de Paulo Silvestrini. Pela primeira vez ap\u00f3s vinte e quatro temporadas, a novela ser\u00e1 ambientada nas zonas leste e sul da cidade de S\u00e3o Paulo. A trama \u00e9 protagonizada por Gabriela Medvedovski, Heslaine Vieira, Ana Hikari, Manoela Aliperti e Daphne Bozaski. O elenco tamb\u00e9m \u00e9 composto por Matheus Abreu, Hall Mendes, Juan Piava, Gabriel Calamari, Bruno Gadiol, Giovanna Grigio, Aline Fanju, L\u00facio Mauro Filho, Malu Galli, Angelo Ant\u00f4nio, Daniela Galli, Marcello Antony, Isabella Scherer, Talita Younan e Carol Macedo nos papeis principais.<\/p>\n","protected":false},"excerpt":{"rendered":"<p>Resumo novela \u201cMalha\u00e7\u00e3o\u201d 20\/10: no cap\u00edtulo 118(*) da novela \u201cMalha\u00e7\u00e3o\u201d, resumo de sexta-feira, 20 de outubro, Tina incentiva Ellen a denunciar a atitude racista do alunos, mas ela afirma que prefere esperar. Anderson aconselha Tato a formar sua pr\u00f3pria fam\u00edlia. Edgar teme as pautas conservadoras que Malu prop\u00f5e para a escola. Ellen pede que Tina [&hellip;]<\/p>\n","protected":false},"author":4,"featured_media":110072,"comment_status":"open","ping_status":"closed","sticky":false,"template":"","format":"standard","meta":{"tdm_status":"","tdm_grid_status":"","footnotes":""},"categories":[447,379,375,343],"tags":[441],"class_list":{"0":"post-123786","1":"post","2":"type-post","3":"status-publish","4":"format-standard","5":"has-post-thumbnail","7":"category-malhacao","8":"category-novelas","9":"category-rede-globo","10":"category-televisao","11":"tag-resumo-do-dia"},"_links":{"self":[{"href":"https:\/\/migracao.redenoticia.com.br\/noticia\/wp-json\/wp\/v2\/posts\/123786","targetHints":{"allow":["GET"]}}],"collection":[{"href":"https:\/\/migracao.redenoticia.com.br\/noticia\/wp-json\/wp\/v2\/posts"}],"about":[{"href":"https:\/\/migracao.redenoticia.com.br\/noticia\/wp-json\/wp\/v2\/types\/post"}],"author":[{"embeddable":true,"href":"https:\/\/migracao.redenoticia.com.br\/noticia\/wp-json\/wp\/v2\/users\/4"}],"replies":[{"embeddable":true,"href":"https:\/\/migracao.redenoticia.com.br\/noticia\/wp-json\/wp\/v2\/comments?post=123786"}],"version-history":[{"count":0,"href":"https:\/\/migracao.redenoticia.com.br\/noticia\/wp-json\/wp\/v2\/posts\/123786\/revisions"}],"wp:featuredmedia":[{"embeddable":true,"href":"https:\/\/migracao.redenoticia.com.br\/noticia\/wp-json\/wp\/v2\/media\/110072"}],"wp:attachment":[{"href":"https:\/\/migracao.redenoticia.com.br\/noticia\/wp-json\/wp\/v2\/media?parent=123786"}],"wp:term":[{"taxonomy":"category","embeddable":true,"href":"https:\/\/migracao.redenoticia.com.br\/noticia\/wp-json\/wp\/v2\/categories?post=123786"},{"taxonomy":"post_tag","embeddable":true,"href":"https:\/\/migracao.redenoticia.com.br\/noticia\/wp-json\/wp\/v2\/tags?post=123786"}],"curies":[{"name":"wp","href":"https:\/\/api.w.org\/{rel}","templated":true}]}}