{"id":123886,"date":"2017-10-21T00:09:37","date_gmt":"2017-10-21T02:09:37","guid":{"rendered":"https:\/\/www.redenoticia.com.br\/noticia\/?p=123886"},"modified":"2017-10-21T18:59:50","modified_gmt":"2017-10-21T20:59:50","slug":"resumo-novela-malhacao-2310-guto-leva-bene-para-passear","status":"publish","type":"post","link":"https:\/\/migracao.redenoticia.com.br\/noticia\/2017\/resumo-novela-malhacao-2310-guto-leva-bene-para-passear\/123886","title":{"rendered":"Resumo novela \u201cMalha\u00e7\u00e3o\u201d 23\/10: Guto leva Ben\u00ea para passear"},"content":{"rendered":"<p><img loading=\"lazy\" decoding=\"async\" class=\"alignleft size-thumbnail wp-image-110075\" src=\"https:\/\/migracao.redenoticia.com.br\/noticia\/imagens\/malhacao-viva-a-diferenca-150x112.jpg\" alt=\"\" width=\"150\" height=\"112\" srcset=\"https:\/\/migracao.redenoticia.com.br\/noticia\/imagens\/malhacao-viva-a-diferenca-150x112.jpg 150w, https:\/\/migracao.redenoticia.com.br\/noticia\/imagens\/malhacao-viva-a-diferenca-265x198.jpg 265w\" sizes=\"auto, (max-width: 150px) 100vw, 150px\" \/><strong><em>Resumo novela \u201cMalha\u00e7\u00e3o\u201d 23\/10<\/em><\/strong>: no cap\u00edtulo 119(*) da novela \u201cMalha\u00e7\u00e3o\u201d, resumo de segunda-feira, 23 de outubro, todos se emocionam com a apresenta\u00e7\u00e3o de Ben\u00ea ao piano. Tina se desespera com a possibilidade de estar doente e Ellen aconselha a amiga a falar com Mitsuko. Deco anuncia que Tonico conhecer\u00e1 os av\u00f3s paternos. Guto leva Ben\u00ea para passear. Ellen se destaca durante a aula, e J\u00falia se incomoda. B\u00f3ris conta a D\u00f3ris que pensa em se dedicar a escrever. Lu\u00eds convida Marta para passar uma temporada em Paris. Juca e Jota revelam a Ellen que inscreveram o rob\u00f4 dos tr\u00eas em um festival de tecnologia. Mitsuko acalma Tina e afirma que a filha n\u00e3o est\u00e1 doente. MB d\u00e1 dicas para o vlog de Juca e Samantha. B\u00f3ris conversa com Marta sobre suas possibilidades profissionais. Tato tenta se aproximar de Keyla quando Deco chega. Ben\u00ea questiona Guto sobre seus sentimentos por ela.<\/p>\n<p>(*) edi\u00e7\u00e3o da Rede Globo, Novela \u201cMalha\u00e7\u00e3o\u201d, sujeito a altera\u00e7\u00e3o de data e conte\u00fado.<\/p>\n<p>A vig\u00e9sima quinta temporada da s\u00e9rie de televis\u00e3o brasileira Malha\u00e7\u00e3o, produzida pela Rede Globo, \u00e9 escrita por Cao Hamburger, com colabora\u00e7\u00e3o de Jaqueline Vargas, Luciana Pessanha, Vitor Brandt e Carolina Ziskind, e conta com a dire\u00e7\u00e3o de Paulo Silvestrini. Pela primeira vez ap\u00f3s vinte e quatro temporadas, a novela ser\u00e1 ambientada nas zonas leste e sul da cidade de S\u00e3o Paulo. A trama \u00e9 protagonizada por Gabriela Medvedovski, Heslaine Vieira, Ana Hikari, Manoela Aliperti e Daphne Bozaski. O elenco tamb\u00e9m \u00e9 composto por Matheus Abreu, Hall Mendes, Juan Piava, Gabriel Calamari, Bruno Gadiol, Giovanna Grigio, Aline Fanju, L\u00facio Mauro Filho, Malu Galli, Angelo Ant\u00f4nio, Daniela Galli, Marcello Antony, Isabella Scherer, Talita Younan e Carol Macedo nos papeis principais.<\/p>\n","protected":false},"excerpt":{"rendered":"<p>Resumo novela \u201cMalha\u00e7\u00e3o\u201d 23\/10: no cap\u00edtulo 119(*) da novela \u201cMalha\u00e7\u00e3o\u201d, resumo de segunda-feira, 23 de outubro, todos se emocionam com a apresenta\u00e7\u00e3o de Ben\u00ea ao piano. Tina se desespera com a possibilidade de estar doente e Ellen aconselha a amiga a falar com Mitsuko. Deco anuncia que Tonico conhecer\u00e1 os av\u00f3s paternos. Guto leva Ben\u00ea [&hellip;]<\/p>\n","protected":false},"author":4,"featured_media":110072,"comment_status":"open","ping_status":"closed","sticky":false,"template":"","format":"standard","meta":{"tdm_status":"","tdm_grid_status":"","footnotes":""},"categories":[447,379,375,343],"tags":[441],"class_list":{"0":"post-123886","1":"post","2":"type-post","3":"status-publish","4":"format-standard","5":"has-post-thumbnail","7":"category-malhacao","8":"category-novelas","9":"category-rede-globo","10":"category-televisao","11":"tag-resumo-do-dia"},"_links":{"self":[{"href":"https:\/\/migracao.redenoticia.com.br\/noticia\/wp-json\/wp\/v2\/posts\/123886","targetHints":{"allow":["GET"]}}],"collection":[{"href":"https:\/\/migracao.redenoticia.com.br\/noticia\/wp-json\/wp\/v2\/posts"}],"about":[{"href":"https:\/\/migracao.redenoticia.com.br\/noticia\/wp-json\/wp\/v2\/types\/post"}],"author":[{"embeddable":true,"href":"https:\/\/migracao.redenoticia.com.br\/noticia\/wp-json\/wp\/v2\/users\/4"}],"replies":[{"embeddable":true,"href":"https:\/\/migracao.redenoticia.com.br\/noticia\/wp-json\/wp\/v2\/comments?post=123886"}],"version-history":[{"count":0,"href":"https:\/\/migracao.redenoticia.com.br\/noticia\/wp-json\/wp\/v2\/posts\/123886\/revisions"}],"wp:featuredmedia":[{"embeddable":true,"href":"https:\/\/migracao.redenoticia.com.br\/noticia\/wp-json\/wp\/v2\/media\/110072"}],"wp:attachment":[{"href":"https:\/\/migracao.redenoticia.com.br\/noticia\/wp-json\/wp\/v2\/media?parent=123886"}],"wp:term":[{"taxonomy":"category","embeddable":true,"href":"https:\/\/migracao.redenoticia.com.br\/noticia\/wp-json\/wp\/v2\/categories?post=123886"},{"taxonomy":"post_tag","embeddable":true,"href":"https:\/\/migracao.redenoticia.com.br\/noticia\/wp-json\/wp\/v2\/tags?post=123886"}],"curies":[{"name":"wp","href":"https:\/\/api.w.org\/{rel}","templated":true}]}}