{"id":123983,"date":"2017-10-23T00:06:50","date_gmt":"2017-10-23T02:06:50","guid":{"rendered":"https:\/\/www.redenoticia.com.br\/noticia\/?p=123983"},"modified":"2017-10-22T18:45:54","modified_gmt":"2017-10-22T20:45:54","slug":"unesp-bate-recorde-de-inscritos-para-vestibular-primeiro-semestre-de-2018","status":"publish","type":"post","link":"https:\/\/migracao.redenoticia.com.br\/noticia\/2017\/unesp-bate-recorde-de-inscritos-para-vestibular-primeiro-semestre-de-2018\/123983","title":{"rendered":"Unesp bate recorde de inscritos para vestibular primeiro semestre de 2018"},"content":{"rendered":"<p> Com 107.818 candidatos inscritos, a\u00a0\u00a0bateu recorde no <strong><em>vestibular<\/em><\/strong> do primeiro semestre de 2018. Desde 1981, quando a sele\u00e7\u00e3o passou a ser realizada pela Funda\u00e7\u00e3o Vunesp, nunca a institui\u00e7\u00e3o havia recebido tantas inscri\u00e7\u00f5es.<\/p>\n<p>O aumento de inscritos representa 5,5% em rela\u00e7\u00e3o ao total do ano passado, quando 102.230 candidatos disputaram o mesmo n\u00famero de vagas deste ano. A rela\u00e7\u00e3o candidato\/vaga por curso dever\u00e1 ser divulgada nos pr\u00f3ximos dias.\u00a0Ao todo s\u00e3o 7.365 vagas em 173 cursos de 23 cidades.<\/p>\n<p>A prova da primeira fase ser\u00e1 no dia 15 de novembro, com 90 quest\u00f5es de m\u00faltipla escolha. A sele\u00e7\u00e3o \u00e9 realizada em 31 cidades paulistas e ainda em Bras\u00edlia (DF), Campo Grande (MS) e Uberl\u00e2ndia (MG). A consulta de local de prova estar\u00e1 dispon\u00edvel a partir de 24 de outubro, no site da\u00a0.<\/p>\n<p>A Unesp ofereceu isen\u00e7\u00e3o para 7.660 candidatos socioeconomicamente carentes e redu\u00e7\u00e3o de 75% da taxa aos alunos matriculados no \u00faltimo ano do ensino m\u00e9dio da rede p\u00fablica estadual paulista. A taxa integral foi de R$ 170,00, mesmo valor do exame anterior.<\/p>\n<p>A Unesp destina m\u00ednimo de 50% das suas vagas por curso ao Sistema de Reserva de Vagas para Educa\u00e7\u00e3o B\u00e1sica P\u00fablica. Este \u00edndice era de 45% no \u00faltimo exame, quando a porcentagem de ingressantes oriundos de escolas p\u00fablicas foi de 52,6%.<\/p>\n<p>Do Portal do Governo SP<\/p>\n","protected":false},"excerpt":{"rendered":"<p>Com 107.818 candidatos inscritos, a\u00a0\u00a0bateu recorde no vestibular do primeiro semestre de 2018. Desde 1981, quando a sele\u00e7\u00e3o passou a ser realizada pela Funda\u00e7\u00e3o Vunesp, nunca a institui\u00e7\u00e3o havia recebido tantas inscri\u00e7\u00f5es. O aumento de inscritos representa 5,5% em rela\u00e7\u00e3o ao total do ano passado, quando 102.230 candidatos disputaram o mesmo n\u00famero de vagas deste [&hellip;]<\/p>\n","protected":false},"author":2,"featured_media":36244,"comment_status":"open","ping_status":"closed","sticky":false,"template":"","format":"standard","meta":{"tdm_status":"","tdm_grid_status":"","footnotes":""},"categories":[22,370,295],"tags":[],"class_list":{"0":"post-123983","1":"post","2":"type-post","3":"status-publish","4":"format-standard","5":"has-post-thumbnail","7":"category-brasil","8":"category-inscricao","9":"category-vestibular"},"_links":{"self":[{"href":"https:\/\/migracao.redenoticia.com.br\/noticia\/wp-json\/wp\/v2\/posts\/123983","targetHints":{"allow":["GET"]}}],"collection":[{"href":"https:\/\/migracao.redenoticia.com.br\/noticia\/wp-json\/wp\/v2\/posts"}],"about":[{"href":"https:\/\/migracao.redenoticia.com.br\/noticia\/wp-json\/wp\/v2\/types\/post"}],"author":[{"embeddable":true,"href":"https:\/\/migracao.redenoticia.com.br\/noticia\/wp-json\/wp\/v2\/users\/2"}],"replies":[{"embeddable":true,"href":"https:\/\/migracao.redenoticia.com.br\/noticia\/wp-json\/wp\/v2\/comments?post=123983"}],"version-history":[{"count":0,"href":"https:\/\/migracao.redenoticia.com.br\/noticia\/wp-json\/wp\/v2\/posts\/123983\/revisions"}],"wp:featuredmedia":[{"embeddable":true,"href":"https:\/\/migracao.redenoticia.com.br\/noticia\/wp-json\/wp\/v2\/media\/36244"}],"wp:attachment":[{"href":"https:\/\/migracao.redenoticia.com.br\/noticia\/wp-json\/wp\/v2\/media?parent=123983"}],"wp:term":[{"taxonomy":"category","embeddable":true,"href":"https:\/\/migracao.redenoticia.com.br\/noticia\/wp-json\/wp\/v2\/categories?post=123983"},{"taxonomy":"post_tag","embeddable":true,"href":"https:\/\/migracao.redenoticia.com.br\/noticia\/wp-json\/wp\/v2\/tags?post=123983"}],"curies":[{"name":"wp","href":"https:\/\/api.w.org\/{rel}","templated":true}]}}