{"id":123988,"date":"2017-10-23T00:09:24","date_gmt":"2017-10-23T02:09:24","guid":{"rendered":"https:\/\/www.redenoticia.com.br\/noticia\/?p=123988"},"modified":"2017-10-22T18:49:51","modified_gmt":"2017-10-22T20:49:51","slug":"mortes-no-transito-idosos-sao-principais-vitimas-de-atropelamento","status":"publish","type":"post","link":"https:\/\/migracao.redenoticia.com.br\/noticia\/2017\/mortes-no-transito-idosos-sao-principais-vitimas-de-atropelamento\/123988","title":{"rendered":"Mortes no tr\u00e2nsito: idosos s\u00e3o principais v\u00edtimas de atropelamento"},"content":{"rendered":"<p> Os idosos s\u00e3o as principais v\u00edtimas de <strong><em>atropelamentos no tr\u00e2nsito<\/em><\/strong>. O dado alarmante \u00e9 do\u00a0.\u00a0Um ter\u00e7o dos casos registrados em 2017 envolve pessoas com mais de 60 anos de idade.<\/p>\n<p>Justamente por isso, o Movimento Paulista de Seguran\u00e7a no Tr\u00e2nsito, programa do Governo de S\u00e3o Paulo que visa reduzir o n\u00famero de \u00f3bitos no Estado at\u00e9 2020, tem como foco um trabalho voltado ao idoso.<\/p>\n<p>\u201cEntre os diversos grupos que s\u00e3o alvos de a\u00e7\u00f5es de educa\u00e7\u00e3o e fiscaliza\u00e7\u00e3o, os idosos recebem especial aten\u00e7\u00e3o\u201d, explica a coordenadora do Movimento Paulista, Silvia Lisboa.<\/p>\n<p>\u201cEntendemos que a mobilidade dessas pessoas \u00e9 diferente das demais e recomendamos aos munic\u00edpios a adapta\u00e7\u00e3o necess\u00e1ria para atend\u00ea-los. O aumento do tempo semaf\u00f3rico e campanhas de conscientiza\u00e7\u00e3o espec\u00edficas s\u00e3o algumas das solu\u00e7\u00f5es\u201d, exemplifica.<\/p>\n<p>Assim como ocorreu com os dados gerais de mortes, na compara\u00e7\u00e3o com 2016 as fatalidades no tr\u00e2nsito envolvendo idosos tamb\u00e9m apresentam queda. S\u00e3o 9,1% menos v\u00edtimas, passando de 801 para 728 casos (73 \u00f3bitos a menos).<\/p>\n<p>No entanto, os dados do Infosiga SP revelam situa\u00e7\u00f5es espec\u00edficas em que esse grupo est\u00e1 mais sujeito a acidentes. Os idosos correspondem a 14% da popula\u00e7\u00e3o do Estado e 17,2% das v\u00edtimas de acidentes.<\/p>\n<p>Em 2017, 728 pessoas com mais de 60 anos perderam a vida no tr\u00e2nsito. Das 1.193 fatalidades com pedestres, 399 envolveram idosos, o que equivale a 33,4% dos casos no Estado. A maioria das ocorr\u00eancias acontece em vias municipais (58,2%). Tamb\u00e9m chama a aten\u00e7\u00e3o a propor\u00e7\u00e3o de v\u00edtimas entre ciclistas. Uma em cada quatro fatalidades com bicicletas (24,8%) envolve idosos.<\/p>\n<p>\u201cA bicicleta \u00e9 um meio de transporte difundido entre a popula\u00e7\u00e3o com mais idade, apesar dos riscos. Por isso, incentivamos a dire\u00e7\u00e3o respons\u00e1vel dos demais atores do tr\u00e2nsito, como motoristas e motociclistas. Respeitar o pr\u00f3ximo \u00e9 uma quest\u00e3o de cidadania\u201d, defende Silvia Lisboa.<\/p>\n<p>Dados do Estado<\/p>\n<p>De acordo com o Infosiga SP, o Estado de S\u00e3o Paulo registrou 472 fatalidades no tr\u00e2nsito em setembro, aumento de 5,5% na compara\u00e7\u00e3o com o mesmo per\u00edodo de 2016 (446 \u00f3bitos). No acumulado do ano, a redu\u00e7\u00e3o \u00e9 de 2,3%, com 4.218 fatalidades em 2017 contra 4.313 no ano passado.<\/p>\n<p>Houve redu\u00e7\u00e3o tamb\u00e9m no n\u00famero de acidentes com v\u00edtimas, que incluem ocorr\u00eancias sem fatalidades. Em setembro deste ano, foram registradas 14.787 ocorr\u00eancias contra 16.268 no ano passado, o que equivale a 1.481 acidentes a menos (-9,1%). No acumulado do ano, a redu\u00e7\u00e3o \u00e9 de 6,3%, com 134.946 casos entre janeiro e setembro de 2017 contra 144.084 nos primeiros 9 meses de 2016.<\/p>\n<p>Em setembro, acidentes com motocicletas resultaram em 140 fatalidades, redu\u00e7\u00e3o de 6% (151 no ano passado). Ocorr\u00eancias com pedestres registraram alta de 21,9%, com 139 casos (114 em 2016), seguidos por autom\u00f3veis (116 casos contra 96 no ano passado, aumento de 20,8%) e bicicletas (33 contra 25 em 2016, aumento de 32%).<\/p>\n<p>Jovens com idade entre 18 e 29 anos correspondem a 23,9% das v\u00edtimas (113 ocorr\u00eancias), e os homens representam 80,1% dos casos. Mais da metade dos acidentes fatais no m\u00eas aconteceram entre 18h e 06h (54,4%), e os finais de semana concentram 49,6% das ocorr\u00eancias.<\/p>\n<p>Clique\u00a0\u00a0para ver o relat\u00f3rio completo do Infosiga e veja neste\u00a0\u00a0as localidades em que aconteceram os acidentes fatais.<\/p>\n<p>Do Portal do Governo SP<\/p>\n","protected":false},"excerpt":{"rendered":"<p>Os idosos s\u00e3o as principais v\u00edtimas de atropelamentos no tr\u00e2nsito. O dado alarmante \u00e9 do\u00a0.\u00a0Um ter\u00e7o dos casos registrados em 2017 envolve pessoas com mais de 60 anos de idade. Justamente por isso, o Movimento Paulista de Seguran\u00e7a no Tr\u00e2nsito, programa do Governo de S\u00e3o Paulo que visa reduzir o n\u00famero de \u00f3bitos no Estado [&hellip;]<\/p>\n","protected":false},"author":2,"featured_media":35207,"comment_status":"open","ping_status":"closed","sticky":false,"template":"","format":"standard","meta":{"tdm_status":"","tdm_grid_status":"","footnotes":""},"categories":[22,5],"tags":[],"class_list":{"0":"post-123988","1":"post","2":"type-post","3":"status-publish","4":"format-standard","5":"has-post-thumbnail","7":"category-brasil","8":"category-saude-e-vida"},"_links":{"self":[{"href":"https:\/\/migracao.redenoticia.com.br\/noticia\/wp-json\/wp\/v2\/posts\/123988","targetHints":{"allow":["GET"]}}],"collection":[{"href":"https:\/\/migracao.redenoticia.com.br\/noticia\/wp-json\/wp\/v2\/posts"}],"about":[{"href":"https:\/\/migracao.redenoticia.com.br\/noticia\/wp-json\/wp\/v2\/types\/post"}],"author":[{"embeddable":true,"href":"https:\/\/migracao.redenoticia.com.br\/noticia\/wp-json\/wp\/v2\/users\/2"}],"replies":[{"embeddable":true,"href":"https:\/\/migracao.redenoticia.com.br\/noticia\/wp-json\/wp\/v2\/comments?post=123988"}],"version-history":[{"count":0,"href":"https:\/\/migracao.redenoticia.com.br\/noticia\/wp-json\/wp\/v2\/posts\/123988\/revisions"}],"wp:featuredmedia":[{"embeddable":true,"href":"https:\/\/migracao.redenoticia.com.br\/noticia\/wp-json\/wp\/v2\/media\/35207"}],"wp:attachment":[{"href":"https:\/\/migracao.redenoticia.com.br\/noticia\/wp-json\/wp\/v2\/media?parent=123988"}],"wp:term":[{"taxonomy":"category","embeddable":true,"href":"https:\/\/migracao.redenoticia.com.br\/noticia\/wp-json\/wp\/v2\/categories?post=123988"},{"taxonomy":"post_tag","embeddable":true,"href":"https:\/\/migracao.redenoticia.com.br\/noticia\/wp-json\/wp\/v2\/tags?post=123988"}],"curies":[{"name":"wp","href":"https:\/\/api.w.org\/{rel}","templated":true}]}}