{"id":124,"date":"2009-04-08T20:26:00","date_gmt":"2009-04-08T23:26:00","guid":{"rendered":"http:\/\/www.redenoticia.com.br\/noticia\/?p=124"},"modified":"2009-04-10T16:47:34","modified_gmt":"2009-04-10T19:47:34","slug":"policia-militar-de-rondonia-divulga-nota-oficial-sobre-denuncia-de-estupro","status":"publish","type":"post","link":"https:\/\/migracao.redenoticia.com.br\/noticia\/2009\/policia-militar-de-rondonia-divulga-nota-oficial-sobre-denuncia-de-estupro\/124","title":{"rendered":"Pol\u00edcia Militar de Rond\u00f4nia divulga nota oficial sobre den\u00fancia de estupro"},"content":{"rendered":"<p style=\"MARGIN: 0cm 0cm 0pt; LINE-HEIGHT: 10.5pt\"><img loading=\"lazy\" decoding=\"async\" class=\"alignleft\" src=\"http:\/\/farm4.static.flickr.com\/3538\/3425877226_80564268ab_m.jpg\" alt=\"\" width=\"240\" height=\"180\" \/>O Comando da Pol\u00edcia Militar do Estado de Rond\u00f4nia, face a den\u00fancia de que no dia 03 de abril de 2009, na cidade de Porto Velho, policiais militares em servi\u00e7o cometeram o crime de estupro, presta os seguintes esclarecimentos:<\/p>\n<p style=\"MARGIN: 0cm 0cm 0pt\">\u00a0<\/p>\n<p style=\"MARGIN: 0cm 0cm 0pt\"><span style=\"LINE-HEIGHT: 14px\">1. No dia 06 de abril de 2009 a Pol\u00edcia Civil comunicou a Corpora\u00e7\u00e3o sobre a den\u00fancia de estupro, tendo a partir daquele momento a Corregedoria Geral da PMRO acompanhado os trabalhos na Delegacia da Mulher;<\/span><\/p>\n<p style=\"LINE-HEIGHT: 10.5pt\">2. Considerando tratar-se de crime militar, nos termos do Artigo 9\u00ba, Inciso II, al\u00ednea c) do Decreto-Lei n\u00ba 1.001, de 21 de outubro de 1969 &#8211; C\u00f3digo Penal Militar, (com reda\u00e7\u00e3o dada \u00e0 al\u00ednea pela Lei n\u00ba 9.299, de 07\/08\/1996, DOU 08\/08\/1996), foi instaurado Inqu\u00e9rito Policial Militar; 3. O Comando reitera que seu maior compromisso \u00e9 com a sociedade e que os fatos ser\u00e3o apurados com isen\u00e7\u00e3o e obedi\u00eancia ao princ\u00edpio constitucional do devido processo legal, garantindo aos acusados a ampla defesa e o contradit\u00f3rio, aplicando a lei de acordo com a culpabilidade de cada envolvido; 4. Os fatos narrados na den\u00fancia atentam contra a lei assim como a disciplina e valores que regem a Pol\u00edcia Militar, sendo repudiados por todos os seus integrantes; 5. Trata-se de ato isolado que n\u00e3o representa a conduta e procedimento dos policiais militares, que diuturnamente trabalham em prol da seguran\u00e7a de nossos cidad\u00e3os.<\/p>\n<p style=\"LINE-HEIGHT: 10.5pt; TEXT-ALIGN: center\">Porto Velho, RO, 08 de abril de 2009.<\/p>\n<p style=\"LINE-HEIGHT: 10.5pt; TEXT-ALIGN: center\">ANGELINA DOS SANTOS CORREIA RAMIRES &#8211; Cel PM Comandante Geral da PMRO<\/p>\n<p style=\"MARGIN: 0cm 0cm 0pt\">\u00a0<\/p>\n<p style=\"MARGIN: 0cm 0cm 0pt\"><strong>Fonte:<\/strong> A\/I PM &#8211; Pol\u00edcia Militar<\/p>\n<p style=\"MARGIN: 0cm 0cm 0pt\">\u00a0<\/p>\n<p style=\"MARGIN: 0cm 0cm 0pt\">\u00a0<\/p>\n<p style=\"MARGIN: 0cm 0cm 0pt\">\u00a0<\/p>\n","protected":false},"excerpt":{"rendered":"<p>O Comando da Pol\u00edcia Militar do Estado de Rond\u00f4nia, face a den\u00fancia de que no dia 03 de abril de 2009, na cidade de Porto Velho, policiais militares em servi\u00e7o cometeram o crime de estupro, presta os seguintes esclarecimentos: \u00a0 1. No dia 06 de abril de 2009 a Pol\u00edcia Civil comunicou a Corpora\u00e7\u00e3o sobre [&hellip;]<\/p>\n","protected":false},"author":2,"featured_media":0,"comment_status":"open","ping_status":"open","sticky":false,"template":"","format":"standard","meta":{"tdm_status":"","tdm_grid_status":"","footnotes":""},"categories":[22],"tags":[],"class_list":{"0":"post-124","1":"post","2":"type-post","3":"status-publish","4":"format-standard","6":"category-brasil"},"_links":{"self":[{"href":"https:\/\/migracao.redenoticia.com.br\/noticia\/wp-json\/wp\/v2\/posts\/124","targetHints":{"allow":["GET"]}}],"collection":[{"href":"https:\/\/migracao.redenoticia.com.br\/noticia\/wp-json\/wp\/v2\/posts"}],"about":[{"href":"https:\/\/migracao.redenoticia.com.br\/noticia\/wp-json\/wp\/v2\/types\/post"}],"author":[{"embeddable":true,"href":"https:\/\/migracao.redenoticia.com.br\/noticia\/wp-json\/wp\/v2\/users\/2"}],"replies":[{"embeddable":true,"href":"https:\/\/migracao.redenoticia.com.br\/noticia\/wp-json\/wp\/v2\/comments?post=124"}],"version-history":[{"count":0,"href":"https:\/\/migracao.redenoticia.com.br\/noticia\/wp-json\/wp\/v2\/posts\/124\/revisions"}],"wp:attachment":[{"href":"https:\/\/migracao.redenoticia.com.br\/noticia\/wp-json\/wp\/v2\/media?parent=124"}],"wp:term":[{"taxonomy":"category","embeddable":true,"href":"https:\/\/migracao.redenoticia.com.br\/noticia\/wp-json\/wp\/v2\/categories?post=124"},{"taxonomy":"post_tag","embeddable":true,"href":"https:\/\/migracao.redenoticia.com.br\/noticia\/wp-json\/wp\/v2\/tags?post=124"}],"curies":[{"name":"wp","href":"https:\/\/api.w.org\/{rel}","templated":true}]}}