{"id":124067,"date":"2017-10-24T00:36:08","date_gmt":"2017-10-24T02:36:08","guid":{"rendered":"https:\/\/www.redenoticia.com.br\/noticia\/?p=124067"},"modified":"2017-10-23T21:59:37","modified_gmt":"2017-10-23T23:59:37","slug":"projeto-de-alunos-da-fatec-de-osasco-combate-larvas-da-dengue","status":"publish","type":"post","link":"https:\/\/migracao.redenoticia.com.br\/noticia\/2017\/projeto-de-alunos-da-fatec-de-osasco-combate-larvas-da-dengue\/124067","title":{"rendered":"Projeto de alunos da Fatec de Osasco combate larvas da dengue"},"content":{"rendered":"<p> Alunos da Fatec de Osasco inventaram um dispositivo que pode ser bastante \u00fatil para combater a <strong><em>dengue<\/em><\/strong> eliminando as larvas que evoluem para o Aedes Aegipty, o mosquito que transmite a doen\u00e7a. O invento dos alunos Evandro Jos\u00e9 de Oliveira, Davidson Santos da Silva e Welton Barreto da Silva foi produzido a partir de placas fotovoltaicas (energia solar) para provocar bolhas na \u00e1gua onde as larvas se reproduzem.<\/p>\n<p>Acopladas a bombinhas e a um flutuador elas fazem a \u00e1gua balan\u00e7ar para assim \u201cafogar\u201d as larvas impedidas de respirar na superf\u00edcie. Como funciona com base em energia solar, o aparelho armazena energia durante o dia e funciona tamb\u00e9m \u00e0 noite.<\/p>\n<p>O raio de alcance \u00e9 de 2,5 metros mas pode ser ampliado para 4 metros. Ele pode ser aplicado em lagos e espelhos d\u00b4\u00e1gua de espa\u00e7os p\u00fablicos que armazenam a \u00e1gua parada.<\/p>\n<p>Para chegar a desenvolver o equipamento, alunos e professores contaram com a colabora\u00e7\u00e3o do Instituto Butantan que forneceu as larvas e detalhes sobre a reprodu\u00e7\u00e3o dos insetos. O invento \u00e9 inspirado no modelo de um pesquisador indiano para combater a mal\u00e1ria.<\/p>\n<p>O Flutuador Aut\u00f4nomo de Larvas do Aedes Aegipty como foi batizado foi testado com a ajuda da AES Eletropaulo que se interessou pelo aparelho.<\/p>\n<p>\u201cEm duas horas 70 larvas morreram e ao final de quatro horas todas elas estavam mortas\u201d, diz o professor Andr\u00e9 Rosa Ferreira um dos professores orientadores do trabalho dos alunos, junto com o professor Carlos Alberto de Freitas.<\/p>\n<p>O aparelho ainda disp\u00f5e de um dispositivo ultrass\u00f4nico para evitar que os mosquitos depositem as larvas na \u00e1gua.<\/p>\n<p>Os alunos disseram que para desenvolver o aparelho utilizaram apenas R$ 90 e o pre\u00e7o pode ser menor ainda se ele for produzido em larga escala.<\/p>\n<p>11\u00aa Feteps<br \/>\nEste e outros trabalhos de alunos das redes de Etecs (Escolas T\u00e9cnicas do Estado) e das Fatecs (Faculdades de Tecnologia) podem ser conhecidos na 11\u00aa Feira Tecnol\u00f3gica do Centro Paula Souza (Feteps).<\/p>\n<p>A edi\u00e7\u00e3o deste ano inova no formato e a exposi\u00e7\u00e3o dos projetos vai at\u00e9 10 de novembro. Ela \u00e9 totalmente digital, com os trabalhos finalistas dos alunos expostos exclusivamente pela internet.<\/p>\n<p>Os participantes s\u00e3o instigados a dar um passeio virtual por todo o espa\u00e7o da feira. Fa\u00e7a\u00a0\u00a0essa experi\u00eancia.<\/p>\n<p>Por exemplo, o projeto do invento dos alunos da Fatec de Osasco concorrem na Categoria 6 \u2013 Tecnologia Industrial El\u00e9trica e tamb\u00e9m disputam o pr\u00eamio de melhor v\u00eddeo e vencedor da categoria popular. Veja o\u00a0e o\u00a0\u00a0do projeto.<\/p>\n<p>Do Portal do Governo SP<\/p>\n","protected":false},"excerpt":{"rendered":"<p>Alunos da Fatec de Osasco inventaram um dispositivo que pode ser bastante \u00fatil para combater a dengue eliminando as larvas que evoluem para o Aedes Aegipty, o mosquito que transmite a doen\u00e7a. O invento dos alunos Evandro Jos\u00e9 de Oliveira, Davidson Santos da Silva e Welton Barreto da Silva foi produzido a partir de placas [&hellip;]<\/p>\n","protected":false},"author":2,"featured_media":40847,"comment_status":"open","ping_status":"closed","sticky":false,"template":"","format":"standard","meta":{"tdm_status":"","tdm_grid_status":"","footnotes":""},"categories":[22,5],"tags":[],"class_list":{"0":"post-124067","1":"post","2":"type-post","3":"status-publish","4":"format-standard","5":"has-post-thumbnail","7":"category-brasil","8":"category-saude-e-vida"},"_links":{"self":[{"href":"https:\/\/migracao.redenoticia.com.br\/noticia\/wp-json\/wp\/v2\/posts\/124067","targetHints":{"allow":["GET"]}}],"collection":[{"href":"https:\/\/migracao.redenoticia.com.br\/noticia\/wp-json\/wp\/v2\/posts"}],"about":[{"href":"https:\/\/migracao.redenoticia.com.br\/noticia\/wp-json\/wp\/v2\/types\/post"}],"author":[{"embeddable":true,"href":"https:\/\/migracao.redenoticia.com.br\/noticia\/wp-json\/wp\/v2\/users\/2"}],"replies":[{"embeddable":true,"href":"https:\/\/migracao.redenoticia.com.br\/noticia\/wp-json\/wp\/v2\/comments?post=124067"}],"version-history":[{"count":0,"href":"https:\/\/migracao.redenoticia.com.br\/noticia\/wp-json\/wp\/v2\/posts\/124067\/revisions"}],"wp:featuredmedia":[{"embeddable":true,"href":"https:\/\/migracao.redenoticia.com.br\/noticia\/wp-json\/wp\/v2\/media\/40847"}],"wp:attachment":[{"href":"https:\/\/migracao.redenoticia.com.br\/noticia\/wp-json\/wp\/v2\/media?parent=124067"}],"wp:term":[{"taxonomy":"category","embeddable":true,"href":"https:\/\/migracao.redenoticia.com.br\/noticia\/wp-json\/wp\/v2\/categories?post=124067"},{"taxonomy":"post_tag","embeddable":true,"href":"https:\/\/migracao.redenoticia.com.br\/noticia\/wp-json\/wp\/v2\/tags?post=124067"}],"curies":[{"name":"wp","href":"https:\/\/api.w.org\/{rel}","templated":true}]}}