{"id":124131,"date":"2017-10-24T16:47:50","date_gmt":"2017-10-24T18:47:50","guid":{"rendered":"https:\/\/www.redenoticia.com.br\/noticia\/?p=124131"},"modified":"2017-10-24T15:59:26","modified_gmt":"2017-10-24T17:59:26","slug":"resumo-novela-carinha-de-anjo-2510-estefania-conversa-com-gustavo-sobre-silvestre","status":"publish","type":"post","link":"https:\/\/migracao.redenoticia.com.br\/noticia\/2017\/resumo-novela-carinha-de-anjo-2510-estefania-conversa-com-gustavo-sobre-silvestre\/124131","title":{"rendered":"Resumo novela \u201cCarinha de Anjo\u201d 25\/10: Estef\u00e2nia conversa com Gustavo sobre Silvestre"},"content":{"rendered":"<p> <img loading=\"lazy\" decoding=\"async\" class=\"alignleft size-thumbnail wp-image-99331\" src=\"https:\/\/migracao.redenoticia.com.br\/noticia\/imagens\/carinha_de_anjo_sbt_novela_resumo_capitulo-150x112.jpg\" alt=\"carinha_de_anjo_sbt_novela_resumo_capitulo\" width=\"150\" height=\"112\" srcset=\"https:\/\/migracao.redenoticia.com.br\/noticia\/imagens\/carinha_de_anjo_sbt_novela_resumo_capitulo-150x112.jpg 150w, https:\/\/migracao.redenoticia.com.br\/noticia\/imagens\/carinha_de_anjo_sbt_novela_resumo_capitulo-265x198.jpg 265w\" sizes=\"auto, (max-width: 150px) 100vw, 150px\" \/><strong><em>Resumo novela \u201cCarinha de Anjo\u201d 25\/10<\/em><\/strong>: no cap\u00edtulo 243(*) da novela \u201cCarinha de Anjo\u201d, resumo de quarta-feira, 25 de outubro, Franciely conta para Tia Perucas tudo o que aconteceu na fam\u00edlia enquanto ela esteve de lua de mel com Victor. A empregada conta que Silvestre ficou um dia inteiro no quarto e Estef\u00e2nia se preocupa. As duas chegam a conclus\u00e3o que Silvestre est\u00e1 ofendido com a postura de Gustavo. Tia Perucas decide conversar com seu irm\u00e3o. Didi d\u00e1 sua primeira aula de matematica para as alunas do col\u00e9gio. Gustavo diz para Crist\u00f3v\u00e3o que pensa em vender a cobertura aonde mora para comprar uma casa quando se casar com Cec\u00edlia. As meninas descobrem que Didi adora e sabe jogar futebol. Luciano vence o concurso de Juju para jantar com ela, por\u00e9m a vlogueira n\u00e3o sabe se tratar dele, pois o garoto usou um codinome. Estef\u00e2nia diz para Gustavo que Silvestre ficou sentido com a forma que o empres\u00e1rio falou com ele. Tia Perucas sugere que ele contrate uma mulher para fazer a limpeza e organiza\u00e7\u00e3o da casa para descarregar Silvestre de tanto trabalho. Silvestre conta para Franciely que existe a possibilidade dele pedir demiss\u00e3o.<\/p>\n<p>(*) edi\u00e7\u00e3o do SBT, Novela \u201cCarinha de Anjo\u201d, sujeito a altera\u00e7\u00e3o de data e conte\u00fado.<\/p>\n<p>Carinha de Anjo \u00e9 uma telenovela brasileira produzida e exibida originalmente pelo SBT desde o dia 21 de novembro de 2016, substituindo o hor\u00e1rio anteriormente ocupado por C\u00famplices de um Resgate. A telenovela \u00e9 inspirada na mexicana Carita de \u00e1ngel, que, por sua vez, \u00e9 um remake de Mundo de juguete, ambas produzidas pela Televisa e que haviam sido baseadas na trama argentina escrita por Abel Santa Cruz, Pap\u00e1 coraz\u00f3n. Esta ser\u00e1 a segunda adapta\u00e7\u00e3o brasileira da obra original argentina, visto que a Rede Tupi apresentou em 1976 a sua primeira vers\u00e3o, chamada de Papai Cora\u00e7\u00e3o. A nova vers\u00e3o \u00e9 escrita por Leonor Corr\u00eaa, com supervis\u00e3o de \u00cdris Abravanel e dire\u00e7\u00e3o geral de Ricardo Mantoanelli. A trama conta com Lorena Queiroz, Bia Arantes, Carlo Porto, Priscila Sol, Dani Gondim, Karin Hils, Eliana Guttman e Lucero nos pap\u00e9is principais.<\/p>\n","protected":false},"excerpt":{"rendered":"<p>Resumo novela \u201cCarinha de Anjo\u201d 25\/10: no cap\u00edtulo 243(*) da novela \u201cCarinha de Anjo\u201d, resumo de quarta-feira, 25 de outubro, Franciely conta para Tia Perucas tudo o que aconteceu na fam\u00edlia enquanto ela esteve de lua de mel com Victor. A empregada conta que Silvestre ficou um dia inteiro no quarto e Estef\u00e2nia se preocupa. [&hellip;]<\/p>\n","protected":false},"author":2,"featured_media":99331,"comment_status":"open","ping_status":"closed","sticky":false,"template":"","format":"standard","meta":{"tdm_status":"","tdm_grid_status":"","footnotes":""},"categories":[452,379,372,343],"tags":[441],"class_list":{"0":"post-124131","1":"post","2":"type-post","3":"status-publish","4":"format-standard","5":"has-post-thumbnail","7":"category-carinha-de-anjo","8":"category-novelas","9":"category-sbt","10":"category-televisao","11":"tag-resumo-do-dia"},"_links":{"self":[{"href":"https:\/\/migracao.redenoticia.com.br\/noticia\/wp-json\/wp\/v2\/posts\/124131","targetHints":{"allow":["GET"]}}],"collection":[{"href":"https:\/\/migracao.redenoticia.com.br\/noticia\/wp-json\/wp\/v2\/posts"}],"about":[{"href":"https:\/\/migracao.redenoticia.com.br\/noticia\/wp-json\/wp\/v2\/types\/post"}],"author":[{"embeddable":true,"href":"https:\/\/migracao.redenoticia.com.br\/noticia\/wp-json\/wp\/v2\/users\/2"}],"replies":[{"embeddable":true,"href":"https:\/\/migracao.redenoticia.com.br\/noticia\/wp-json\/wp\/v2\/comments?post=124131"}],"version-history":[{"count":0,"href":"https:\/\/migracao.redenoticia.com.br\/noticia\/wp-json\/wp\/v2\/posts\/124131\/revisions"}],"wp:featuredmedia":[{"embeddable":true,"href":"https:\/\/migracao.redenoticia.com.br\/noticia\/wp-json\/wp\/v2\/media\/99331"}],"wp:attachment":[{"href":"https:\/\/migracao.redenoticia.com.br\/noticia\/wp-json\/wp\/v2\/media?parent=124131"}],"wp:term":[{"taxonomy":"category","embeddable":true,"href":"https:\/\/migracao.redenoticia.com.br\/noticia\/wp-json\/wp\/v2\/categories?post=124131"},{"taxonomy":"post_tag","embeddable":true,"href":"https:\/\/migracao.redenoticia.com.br\/noticia\/wp-json\/wp\/v2\/tags?post=124131"}],"curies":[{"name":"wp","href":"https:\/\/api.w.org\/{rel}","templated":true}]}}