{"id":124256,"date":"2017-10-26T00:06:26","date_gmt":"2017-10-26T02:06:26","guid":{"rendered":"https:\/\/www.redenoticia.com.br\/noticia\/?p=124256"},"modified":"2017-10-25T19:50:48","modified_gmt":"2017-10-25T21:50:48","slug":"unesp-tem-curso-de-medicina-mais-disputado-do-brasil","status":"publish","type":"post","link":"https:\/\/migracao.redenoticia.com.br\/noticia\/2017\/unesp-tem-curso-de-medicina-mais-disputado-do-brasil\/124256","title":{"rendered":"Unesp tem curso de medicina mais disputado do Brasil"},"content":{"rendered":"<p> A Universidade Estadual Paulista (Unesp) finalizou as inscri\u00e7\u00f5es para o <strong><em>Vestibular<\/em><\/strong> 2018 com 107.818 inscritos em 173 cursos e 7.365 vagas em 23 cidades, o que indica a rela\u00e7\u00e3o de 14,6 candidatos por vaga. O curso com mais inscritos \u00e9 o de Medicina, em Botucatu, o mais disputado do Pa\u00eds. Foram 28.147 candidatos para 90 vagas, o que representa 312,7 por vaga (aumento de 17,5% em rela\u00e7\u00e3o do vestibular feito no ano passado), um recorde na hist\u00f3ria do exame da institui\u00e7\u00e3o, realizado desde 1980 pela Funda\u00e7\u00e3o Vunesp.<\/p>\n<p>As carreiras mais concorridas, al\u00e9m de Medicina, s\u00e3o Direito \u2013 per\u00edodo matutino -, em Franca (63,8 candidatos por vaga); Psicologia \u2013 integral -, em Bauru (50,4); Medicina Veterin\u00e1ria, em Botucatu (43,2); Arquitetura e Urbanismo, em Bauru (40,8); Engenharia Qu\u00edmica, em Araraquara (40,8); Direito \u2013 noturno -, em Franca (38,1); Enfermagem, em Botucatu (37); Ci\u00eancias Biom\u00e9dicas, em Botucatu (35,9); e Psicologia \u2013 noturno -, em Bauru (35,7).<\/p>\n<p>Prova do Vestibular 2018<\/p>\n<p>A prova da primeira fase da Unesp ser\u00e1 aplicada no dia 15 de novembro, com 90 quest\u00f5es de m\u00faltipla escolha. A sele\u00e7\u00e3o \u00e9 realizada em 31 cidades paulistas e ainda em Bras\u00edlia (DF), Campo Grande (MS) e Uberl\u00e2ndia (MG). A consulta de local de prova estar\u00e1 dispon\u00edvel a partir desta ter\u00e7a-feira (24), pelo\u00a0.<\/p>\n<p>A Unesp ofereceu isen\u00e7\u00e3o para 7.660 candidatos socioeconomicamente carentes e redu\u00e7\u00e3o de 75% da taxa aos alunos matriculados no \u00faltimo ano do ensino m\u00e9dio da rede p\u00fablica estadual paulista. A taxa integral foi de R$ 170,00, mesmo valor do exame anterior.<\/p>\n<p>A Unesp destina m\u00ednimo de 50% das suas vagas por curso ao Sistema de Reserva de Vagas para Educa\u00e7\u00e3o B\u00e1sica P\u00fablica. Este \u00edndice era de 45% no \u00faltimo exame, quando a porcentagem de ingressantes oriundos de escolas p\u00fablicas foi de 52,6%.<\/p>\n<p>Do Portal do Governo SP<\/p>\n","protected":false},"excerpt":{"rendered":"<p>A Universidade Estadual Paulista (Unesp) finalizou as inscri\u00e7\u00f5es para o Vestibular 2018 com 107.818 inscritos em 173 cursos e 7.365 vagas em 23 cidades, o que indica a rela\u00e7\u00e3o de 14,6 candidatos por vaga. O curso com mais inscritos \u00e9 o de Medicina, em Botucatu, o mais disputado do Pa\u00eds. Foram 28.147 candidatos para 90 [&hellip;]<\/p>\n","protected":false},"author":2,"featured_media":35093,"comment_status":"open","ping_status":"closed","sticky":false,"template":"","format":"standard","meta":{"tdm_status":"","tdm_grid_status":"","footnotes":""},"categories":[22,370,295],"tags":[],"class_list":{"0":"post-124256","1":"post","2":"type-post","3":"status-publish","4":"format-standard","5":"has-post-thumbnail","7":"category-brasil","8":"category-inscricao","9":"category-vestibular"},"_links":{"self":[{"href":"https:\/\/migracao.redenoticia.com.br\/noticia\/wp-json\/wp\/v2\/posts\/124256","targetHints":{"allow":["GET"]}}],"collection":[{"href":"https:\/\/migracao.redenoticia.com.br\/noticia\/wp-json\/wp\/v2\/posts"}],"about":[{"href":"https:\/\/migracao.redenoticia.com.br\/noticia\/wp-json\/wp\/v2\/types\/post"}],"author":[{"embeddable":true,"href":"https:\/\/migracao.redenoticia.com.br\/noticia\/wp-json\/wp\/v2\/users\/2"}],"replies":[{"embeddable":true,"href":"https:\/\/migracao.redenoticia.com.br\/noticia\/wp-json\/wp\/v2\/comments?post=124256"}],"version-history":[{"count":0,"href":"https:\/\/migracao.redenoticia.com.br\/noticia\/wp-json\/wp\/v2\/posts\/124256\/revisions"}],"wp:featuredmedia":[{"embeddable":true,"href":"https:\/\/migracao.redenoticia.com.br\/noticia\/wp-json\/wp\/v2\/media\/35093"}],"wp:attachment":[{"href":"https:\/\/migracao.redenoticia.com.br\/noticia\/wp-json\/wp\/v2\/media?parent=124256"}],"wp:term":[{"taxonomy":"category","embeddable":true,"href":"https:\/\/migracao.redenoticia.com.br\/noticia\/wp-json\/wp\/v2\/categories?post=124256"},{"taxonomy":"post_tag","embeddable":true,"href":"https:\/\/migracao.redenoticia.com.br\/noticia\/wp-json\/wp\/v2\/tags?post=124256"}],"curies":[{"name":"wp","href":"https:\/\/api.w.org\/{rel}","templated":true}]}}