{"id":124308,"date":"2017-10-27T00:35:04","date_gmt":"2017-10-27T02:35:04","guid":{"rendered":"https:\/\/www.redenoticia.com.br\/noticia\/?p=124308"},"modified":"2017-10-26T15:36:57","modified_gmt":"2017-10-26T17:36:57","slug":"relatorio-da-lancet-sobre-mudancas-climaticas-e-saude-sera-lancado-na-fmusp","status":"publish","type":"post","link":"https:\/\/migracao.redenoticia.com.br\/noticia\/2017\/relatorio-da-lancet-sobre-mudancas-climaticas-e-saude-sera-lancado-na-fmusp\/124308","title":{"rendered":"Relat\u00f3rio da Lancet sobre mudan\u00e7as clim\u00e1ticas e sa\u00fade ser\u00e1 lan\u00e7ado na FMUSP"},"content":{"rendered":"<p> Ag\u00eancia FAPESP\u00a0\u2013 O Instituto de Estudos Avan\u00e7ados (IEA) e a Faculdade de Medicina da Universidade de S\u00e3o Paulo (FMUSP) promover\u00e3o o Lancet Countdown: Monitorando o Avan\u00e7o na Sa\u00fade e nas Mudan\u00e7as Clim\u00e1ticas, no dia 31 de outubro de 2017. O evento discutir\u00e1 relat\u00f3rio in\u00e9dito da revista\u00a0The Lancet\u00a0com estudos sobre a <strong><em>rela\u00e7\u00e3o entre mudan\u00e7as clim\u00e1ticas e sa\u00fade humana<\/em><\/strong>.<\/p>\n<p>O Lancet Countdown de 2017 \u00e9 resultado do trabalho de 24 institui\u00e7\u00f5es acad\u00eamicas e ag\u00eancias governamentais. O relat\u00f3rio avaliou os impactos na sa\u00fade humana das mudan\u00e7as no clima e as implica\u00e7\u00f5es para os sistemas de sa\u00fade e para as negocia\u00e7\u00f5es do Acordo do Clima de Paris.<\/p>\n<p>A produ\u00e7\u00e3o do relat\u00f3rio teve a participa\u00e7\u00e3o de pesquisadores do clima, ecologistas, economistas, especialistas em energia, sistemas de alimenta\u00e7\u00e3o e transporte, ge\u00f3grafos, matem\u00e1ticos, cientistas sociais e pol\u00edticos, profissionais de sa\u00fade p\u00fablica e m\u00e9dicos.<\/p>\n<p>S\u00e3o relatados indicadores anuais sobre os impactos das mudan\u00e7as clim\u00e1ticas, exposi\u00e7\u00f5es e vulnerabilidade; planejamento de adapta\u00e7\u00e3o e resili\u00eancia para a sa\u00fade; a\u00e7\u00f5es de mitiga\u00e7\u00e3o e cobenef\u00edcios da sa\u00fade; economia e finan\u00e7as; e envolvimento p\u00fablico e pol\u00edtico.<\/p>\n<p>Gratuito, o evento organizado pelo IEA e FMUSP ser\u00e1 realizado no Teatro da Faculdade de Medicina da USP (av. Dr. Arnaldo, 455, Cerqueira C\u00e9sar, S\u00e3o Paulo), a partir das 8h30. A programa\u00e7\u00e3o incluir\u00e1 apresenta\u00e7\u00e3o do Lancet Coutdown Program e a palestra &#8220;Mudan\u00e7as clim\u00e1ticas e sa\u00fade humana no Brasil\u201d, com\u00a0, diretor do IEA.<\/p>\n<p>Os interessados devem fazer inscri\u00e7\u00e3o por\u00a0. Haver\u00e1 transmiss\u00e3o ao vivo pelo\u00a0.<\/p>\n<p>Mais informa\u00e7\u00f5es:\u00a0.<\/p>\n","protected":false},"excerpt":{"rendered":"<p>Ag\u00eancia FAPESP\u00a0\u2013 O Instituto de Estudos Avan\u00e7ados (IEA) e a Faculdade de Medicina da Universidade de S\u00e3o Paulo (FMUSP) promover\u00e3o o Lancet Countdown: Monitorando o Avan\u00e7o na Sa\u00fade e nas Mudan\u00e7as Clim\u00e1ticas, no dia 31 de outubro de 2017. O evento discutir\u00e1 relat\u00f3rio in\u00e9dito da revista\u00a0The Lancet\u00a0com estudos sobre a rela\u00e7\u00e3o entre mudan\u00e7as clim\u00e1ticas e [&hellip;]<\/p>\n","protected":false},"author":2,"featured_media":26302,"comment_status":"open","ping_status":"closed","sticky":false,"template":"","format":"standard","meta":{"tdm_status":"","tdm_grid_status":"","footnotes":""},"categories":[22,5],"tags":[],"class_list":{"0":"post-124308","1":"post","2":"type-post","3":"status-publish","4":"format-standard","5":"has-post-thumbnail","7":"category-brasil","8":"category-saude-e-vida"},"_links":{"self":[{"href":"https:\/\/migracao.redenoticia.com.br\/noticia\/wp-json\/wp\/v2\/posts\/124308","targetHints":{"allow":["GET"]}}],"collection":[{"href":"https:\/\/migracao.redenoticia.com.br\/noticia\/wp-json\/wp\/v2\/posts"}],"about":[{"href":"https:\/\/migracao.redenoticia.com.br\/noticia\/wp-json\/wp\/v2\/types\/post"}],"author":[{"embeddable":true,"href":"https:\/\/migracao.redenoticia.com.br\/noticia\/wp-json\/wp\/v2\/users\/2"}],"replies":[{"embeddable":true,"href":"https:\/\/migracao.redenoticia.com.br\/noticia\/wp-json\/wp\/v2\/comments?post=124308"}],"version-history":[{"count":0,"href":"https:\/\/migracao.redenoticia.com.br\/noticia\/wp-json\/wp\/v2\/posts\/124308\/revisions"}],"wp:featuredmedia":[{"embeddable":true,"href":"https:\/\/migracao.redenoticia.com.br\/noticia\/wp-json\/wp\/v2\/media\/26302"}],"wp:attachment":[{"href":"https:\/\/migracao.redenoticia.com.br\/noticia\/wp-json\/wp\/v2\/media?parent=124308"}],"wp:term":[{"taxonomy":"category","embeddable":true,"href":"https:\/\/migracao.redenoticia.com.br\/noticia\/wp-json\/wp\/v2\/categories?post=124308"},{"taxonomy":"post_tag","embeddable":true,"href":"https:\/\/migracao.redenoticia.com.br\/noticia\/wp-json\/wp\/v2\/tags?post=124308"}],"curies":[{"name":"wp","href":"https:\/\/api.w.org\/{rel}","templated":true}]}}