{"id":124312,"date":"2017-10-27T00:36:00","date_gmt":"2017-10-27T02:36:00","guid":{"rendered":"https:\/\/www.redenoticia.com.br\/noticia\/?p=124312"},"modified":"2017-10-26T15:38:04","modified_gmt":"2017-10-26T17:38:04","slug":"programa-de-educacao-em-oncologia-pediatrica-esta-com-inscricoes-abertas","status":"publish","type":"post","link":"https:\/\/migracao.redenoticia.com.br\/noticia\/2017\/programa-de-educacao-em-oncologia-pediatrica-esta-com-inscricoes-abertas\/124312","title":{"rendered":"Programa de Educa\u00e7\u00e3o em Oncologia Pedi\u00e1trica est\u00e1 com inscri\u00e7\u00f5es abertas"},"content":{"rendered":"<p> Ag\u00eancia FAPESP\u00a0\u2013 O Centro Infantil Boldrini, em Campinas (SP), abriu processo seletivo para estudantes de gradua\u00e7\u00e3o na \u00e1rea da Sa\u00fade e Ci\u00eancias Biom\u00e9dicas que desejam participar do <strong><em>Programa de Educa\u00e7\u00e3o em Onco-hematologia Pedi\u00e1trica<\/em><\/strong> para Gradua\u00e7\u00e3o na \u00c1rea da Sa\u00fade (PEOp 2018). As inscri\u00e7\u00f5es podem ser feitas at\u00e9 o dia 31 de outubro de 2017.<\/p>\n<p>O hospital oferece nove vagas para estudantes que queiram adquirir experi\u00eancia de treinamento em laborat\u00f3rios de Hematologia, Biologia Molecular, Gen\u00e9tica, Imunoengenharia, Servi\u00e7o de Imagem, Epidemiologia, Sa\u00fade Mental e Odontologia.<\/p>\n<p>Os estudantes participantes do PEOp 2018 receber\u00e3o treinamento em ambiente especial, criado pela intera\u00e7\u00e3o dos pesquisadores vinculados \u00e0s \u00e1reas b\u00e1sicas, m\u00e9dicos voltados para pesquisa cl\u00ednica e alunos de p\u00f3s-doutorado. Dependendo do seu interesse, os alunos concentrar\u00e3o suas atividades em \u00e1reas espec\u00edficas. Al\u00e9m disso, cada aluno ter\u00e1 orienta\u00e7\u00e3o de um mentor, que compartilha dos seus interesses em temas afins.<\/p>\n<p>Para participar, o estudante precisa encaminhar curr\u00edculo completo, carta de recomenda\u00e7\u00e3o de um professor e o hist\u00f3rico escolar para a Secretaria M\u00e9dica do Centro Infantil Boldrini (rua Dr. Gabriel Porto, 1270, Cidade Universit\u00e1ria, Campinas, SP) ou pelo e-mail\u00a0secmedica@boldrini.org.br.<\/p>\n<p>O est\u00e1gio ocorrer\u00e1 de 2 de janeiro a 9 de fevereiro de 2018. A programa\u00e7\u00e3o di\u00e1ria para o estudante depende da \u00e1rea na qual est\u00e1 trabalhando, mas se espera que os estudantes trabalhem em tempo integral. Ser\u00e1 dispon\u00edvel a cada estudante o acesso \u00e0 biblioteca do Centro Boldrini e \u00e0 internet. Alimenta\u00e7\u00e3o ser\u00e1 fornecida gratuitamente no refeit\u00f3rio do hospital. Os participantes n\u00e3o receber\u00e3o bolsa para o seu curso de f\u00e9rias.<\/p>\n<p>O Centro Infantil Boldrini \u00e9 conveniado com a Unicamp e se inspira no Programa de Oncologia Pedi\u00e1trica para Estudantes da gradua\u00e7\u00e3o das \u00e1reas da sa\u00fade, ministrado pelo Hospital St. Jude, nos Estados Unidos.<\/p>\n<p>Mais informa\u00e7\u00f5es:\u00a0.<\/p>\n","protected":false},"excerpt":{"rendered":"<p>Ag\u00eancia FAPESP\u00a0\u2013 O Centro Infantil Boldrini, em Campinas (SP), abriu processo seletivo para estudantes de gradua\u00e7\u00e3o na \u00e1rea da Sa\u00fade e Ci\u00eancias Biom\u00e9dicas que desejam participar do Programa de Educa\u00e7\u00e3o em Onco-hematologia Pedi\u00e1trica para Gradua\u00e7\u00e3o na \u00c1rea da Sa\u00fade (PEOp 2018). As inscri\u00e7\u00f5es podem ser feitas at\u00e9 o dia 31 de outubro de 2017. O [&hellip;]<\/p>\n","protected":false},"author":2,"featured_media":57579,"comment_status":"open","ping_status":"closed","sticky":false,"template":"","format":"standard","meta":{"tdm_status":"","tdm_grid_status":"","footnotes":""},"categories":[22,351,370],"tags":[],"class_list":{"0":"post-124312","1":"post","2":"type-post","3":"status-publish","4":"format-standard","5":"has-post-thumbnail","7":"category-brasil","8":"category-cursos","9":"category-inscricao"},"_links":{"self":[{"href":"https:\/\/migracao.redenoticia.com.br\/noticia\/wp-json\/wp\/v2\/posts\/124312","targetHints":{"allow":["GET"]}}],"collection":[{"href":"https:\/\/migracao.redenoticia.com.br\/noticia\/wp-json\/wp\/v2\/posts"}],"about":[{"href":"https:\/\/migracao.redenoticia.com.br\/noticia\/wp-json\/wp\/v2\/types\/post"}],"author":[{"embeddable":true,"href":"https:\/\/migracao.redenoticia.com.br\/noticia\/wp-json\/wp\/v2\/users\/2"}],"replies":[{"embeddable":true,"href":"https:\/\/migracao.redenoticia.com.br\/noticia\/wp-json\/wp\/v2\/comments?post=124312"}],"version-history":[{"count":0,"href":"https:\/\/migracao.redenoticia.com.br\/noticia\/wp-json\/wp\/v2\/posts\/124312\/revisions"}],"wp:featuredmedia":[{"embeddable":true,"href":"https:\/\/migracao.redenoticia.com.br\/noticia\/wp-json\/wp\/v2\/media\/57579"}],"wp:attachment":[{"href":"https:\/\/migracao.redenoticia.com.br\/noticia\/wp-json\/wp\/v2\/media?parent=124312"}],"wp:term":[{"taxonomy":"category","embeddable":true,"href":"https:\/\/migracao.redenoticia.com.br\/noticia\/wp-json\/wp\/v2\/categories?post=124312"},{"taxonomy":"post_tag","embeddable":true,"href":"https:\/\/migracao.redenoticia.com.br\/noticia\/wp-json\/wp\/v2\/tags?post=124312"}],"curies":[{"name":"wp","href":"https:\/\/api.w.org\/{rel}","templated":true}]}}