{"id":124314,"date":"2017-10-27T00:37:07","date_gmt":"2017-10-27T02:37:07","guid":{"rendered":"https:\/\/www.redenoticia.com.br\/noticia\/?p=124314"},"modified":"2017-10-26T15:39:03","modified_gmt":"2017-10-26T17:39:03","slug":"treinamento-tecnico-em-farmacologia-bioquimica-e-celular-com-bolsa-da-fapesp","status":"publish","type":"post","link":"https:\/\/migracao.redenoticia.com.br\/noticia\/2017\/treinamento-tecnico-em-farmacologia-bioquimica-e-celular-com-bolsa-da-fapesp\/124314","title":{"rendered":"Treinamento T\u00e9cnico em Farmacologia Bioqu\u00edmica e Celular com Bolsa da FAPESP"},"content":{"rendered":"<p> Ag\u00eancia FAPESP\u00a0\u2013 O Projeto Tem\u00e1tico\u00a0, conduzido no Instituto de Ci\u00eancias Biom\u00e9dicas da Universidade de S\u00e3o Paulo (USP), disp\u00f5e de uma vaga de <strong><em>Treinamento T\u00e9cnico<\/em><\/strong> n\u00edvel dois (TT-2), com Bolsa da FAPESP. O prazo de inscri\u00e7\u00e3o se encerra no dia 31 de outubro de 2017.<\/p>\n<p>As atividades envolver\u00e3o rotina do laborat\u00f3rio, como lavagem e esteriliza\u00e7\u00e3o de vidraria, cuidados gerais com a troca e limpeza de gaiolas, acasalamentos, caracteriza\u00e7\u00e3o genot\u00edpica de camundongos (por rea\u00e7\u00e3o de polimeriza\u00e7\u00e3o em cadeia). O candidato tamb\u00e9m auxiliar\u00e1 na administra\u00e7\u00e3o de dietas especiais, realizando procedimentos de pesagens e dosagens de glicose e piruvato em camundongos.<\/p>\n<p>Os interessados em se inscrever devem enviar e-mail para o professor coordenador do projeto,\u00a0Emer Suavinho Ferro(eferro@usp.br).<\/p>\n<p>Mais informa\u00e7\u00f5es sobre a oportunidade est\u00e3o dispon\u00edveis em\u00a0.<\/p>\n<p>A Bolsa TT-2 tem valor de R$ 854,40 e \u00e9 voltada a alunos do \u00faltimo ano ou egressos do n\u00edvel m\u00e9dio t\u00e9cnico, sem reprova\u00e7\u00f5es em seu hist\u00f3rico escolar e sem v\u00ednculo empregat\u00edcio, com dedica\u00e7\u00e3o de 16 a 40 horas semanais (o valor da Bolsa a ser paga ser\u00e1 proporcional ao n\u00famero de horas semanais) \u00e0s atividades de apoio ao projeto de pesquisa.<\/p>\n<p>Mais informa\u00e7\u00f5es sobre as bolsas de treinamento t\u00e9cnico em\u00a0.<\/p>\n<p>Outras vagas de bolsas, em diversas \u00e1reas do conhecimento, est\u00e3o no site FAPESP-Oportunidades, em\u00a0.<\/p>\n","protected":false},"excerpt":{"rendered":"<p>Ag\u00eancia FAPESP\u00a0\u2013 O Projeto Tem\u00e1tico\u00a0, conduzido no Instituto de Ci\u00eancias Biom\u00e9dicas da Universidade de S\u00e3o Paulo (USP), disp\u00f5e de uma vaga de Treinamento T\u00e9cnico n\u00edvel dois (TT-2), com Bolsa da FAPESP. O prazo de inscri\u00e7\u00e3o se encerra no dia 31 de outubro de 2017. As atividades envolver\u00e3o rotina do laborat\u00f3rio, como lavagem e esteriliza\u00e7\u00e3o de [&hellip;]<\/p>\n","protected":false},"author":2,"featured_media":37376,"comment_status":"open","ping_status":"closed","sticky":false,"template":"","format":"standard","meta":{"tdm_status":"","tdm_grid_status":"","footnotes":""},"categories":[22,351,370],"tags":[],"class_list":{"0":"post-124314","1":"post","2":"type-post","3":"status-publish","4":"format-standard","5":"has-post-thumbnail","7":"category-brasil","8":"category-cursos","9":"category-inscricao"},"_links":{"self":[{"href":"https:\/\/migracao.redenoticia.com.br\/noticia\/wp-json\/wp\/v2\/posts\/124314","targetHints":{"allow":["GET"]}}],"collection":[{"href":"https:\/\/migracao.redenoticia.com.br\/noticia\/wp-json\/wp\/v2\/posts"}],"about":[{"href":"https:\/\/migracao.redenoticia.com.br\/noticia\/wp-json\/wp\/v2\/types\/post"}],"author":[{"embeddable":true,"href":"https:\/\/migracao.redenoticia.com.br\/noticia\/wp-json\/wp\/v2\/users\/2"}],"replies":[{"embeddable":true,"href":"https:\/\/migracao.redenoticia.com.br\/noticia\/wp-json\/wp\/v2\/comments?post=124314"}],"version-history":[{"count":0,"href":"https:\/\/migracao.redenoticia.com.br\/noticia\/wp-json\/wp\/v2\/posts\/124314\/revisions"}],"wp:featuredmedia":[{"embeddable":true,"href":"https:\/\/migracao.redenoticia.com.br\/noticia\/wp-json\/wp\/v2\/media\/37376"}],"wp:attachment":[{"href":"https:\/\/migracao.redenoticia.com.br\/noticia\/wp-json\/wp\/v2\/media?parent=124314"}],"wp:term":[{"taxonomy":"category","embeddable":true,"href":"https:\/\/migracao.redenoticia.com.br\/noticia\/wp-json\/wp\/v2\/categories?post=124314"},{"taxonomy":"post_tag","embeddable":true,"href":"https:\/\/migracao.redenoticia.com.br\/noticia\/wp-json\/wp\/v2\/tags?post=124314"}],"curies":[{"name":"wp","href":"https:\/\/api.w.org\/{rel}","templated":true}]}}