{"id":124316,"date":"2017-10-27T00:38:05","date_gmt":"2017-10-27T02:38:05","guid":{"rendered":"https:\/\/www.redenoticia.com.br\/noticia\/?p=124316"},"modified":"2017-10-26T15:40:01","modified_gmt":"2017-10-26T17:40:01","slug":"capital-paulista-tem-14-parques-fechados-como-medida-contra-febre-amarela","status":"publish","type":"post","link":"https:\/\/migracao.redenoticia.com.br\/noticia\/2017\/capital-paulista-tem-14-parques-fechados-como-medida-contra-febre-amarela\/124316","title":{"rendered":"Capital paulista tem 14 parques fechados como medida contra febre amarela"},"content":{"rendered":"<p> A capital paulista passou a ficar com um total de 14 parques fechados por tempo indeterminado, como medida preventiva ap\u00f3s um macaco ter sido encontrado morto no Parque Anhanguera, de acordo com a Secretaria Municipal do Verde e do Meio Ambiente (SVMA). Apesar de ainda n\u00e3o haver o resultado do exame histoqu\u00edmico para atestar a <strong><em>febre amarela<\/em><\/strong> no animal, testes preliminares indicam se tratar da doen\u00e7a e a pasta decidiu fechar os parques preventivamente.<\/p>\n<p>Desde a sexta-feira (20), os parques estaduais do Horto Florestal e da Cantareira est\u00e3o fechados devido \u00e0 confirma\u00e7\u00e3o de presen\u00e7a do v\u00edrus da febre amarela em um macaco bugio, encontrado morto no horto.<\/p>\n<p>Al\u00e9m desses, foram fechados os parques municipais Anhanguera, Linear Canivete e C\u00f3rrego do Bispo (em implanta\u00e7\u00e3o), Pinheirinho D\u2019\u00c1gua, Jacintho Alberto, Rodrigo de G\u00e1speri, Jardim Felicidade, Cidade de Toronto, S\u00e3o Domingos, Tenente Brigadeiro Faria Lima, Lions Tucuruvi e Sena.<\/p>\n<p>O Centro de Manejo e Conserva\u00e7\u00e3o de Animais Silvestres, que fica dentro do Parque Anhanguera, tamb\u00e9m est\u00e1 fechado por tempo indeterminado para recebimento de animais silvestres que estejam em perigo ou doente, informou a secretaria. Quem receber\u00e1 os animais, caso necess\u00e1rio, ser\u00e1 a Divis\u00e3o de Fauna da SVMA na unidade do Parque Ibirapuera.<\/p>\n<p> A zona norte da capital paulista vai contar com 37 unidades b\u00e1sicas de Sa\u00fade para aplica\u00e7\u00e3o da vacina\u00e7\u00e3o preventiva contra a febre amarela, segundo a prefeitura. \u201cA expans\u00e3o deve prosseguir at\u00e9 atingir todas as unidades da regi\u00e3o ou, em caso de nova ocorr\u00eancia, ser\u00e1 feita gradualmente ao longo da semana e somada \u00e0s unidades que j\u00e1 iniciaram a imuniza\u00e7\u00e3o desde s\u00e1bado (21)\u201d, diz comunicado do munic\u00edpio.<\/p>\n<p>A prioridade da vacina\u00e7\u00e3o \u00e9 para pessoas que moram em at\u00e9 500 metros no entorno do Parque do Horto, nesta primeira fase. Na segunda, o raio de abrang\u00eancia ser\u00e1 estendido para mil metros do Horto Florestal e a terceira, ampliada para toda a zona norte.<\/p>\n<p>Apesar da amplia\u00e7\u00e3o do n\u00famero de postos de vacina\u00e7\u00e3o, a prefeitura destaca que n\u00e3o houve registro de casos em humanos aut\u00f3ctones na capital paulista, somente casos importados, ou seja, em pessoas que foram contaminadas em outros munic\u00edpios ou em outros estados e desenvolveram a doen\u00e7a na cidade.<\/p>\n<p>A vacina n\u00e3o est\u00e1 indicada para gestantes, mulheres amamentando crian\u00e7as com at\u00e9 seis meses e pessoas imunodeprimidas, como pacientes em tratamento quimioter\u00e1pico, radioter\u00e1pico ou com cortic\u00f3ides em doses elevadas. <\/p>\n<p>Camila Boehm \u2013 Rep\u00f3rter da Ag\u00eancia Brasil<br \/>\nEdi\u00e7\u00e3o: Davi Oliveira<br \/>\n27\/10\/2017<\/p>\n","protected":false},"excerpt":{"rendered":"<p>A capital paulista passou a ficar com um total de 14 parques fechados por tempo indeterminado, como medida preventiva ap\u00f3s um macaco ter sido encontrado morto no Parque Anhanguera, de acordo com a Secretaria Municipal do Verde e do Meio Ambiente (SVMA). Apesar de ainda n\u00e3o haver o resultado do exame histoqu\u00edmico para atestar a [&hellip;]<\/p>\n","protected":false},"author":2,"featured_media":34747,"comment_status":"open","ping_status":"closed","sticky":false,"template":"","format":"standard","meta":{"tdm_status":"","tdm_grid_status":"","footnotes":""},"categories":[22,5],"tags":[],"class_list":{"0":"post-124316","1":"post","2":"type-post","3":"status-publish","4":"format-standard","5":"has-post-thumbnail","7":"category-brasil","8":"category-saude-e-vida"},"_links":{"self":[{"href":"https:\/\/migracao.redenoticia.com.br\/noticia\/wp-json\/wp\/v2\/posts\/124316","targetHints":{"allow":["GET"]}}],"collection":[{"href":"https:\/\/migracao.redenoticia.com.br\/noticia\/wp-json\/wp\/v2\/posts"}],"about":[{"href":"https:\/\/migracao.redenoticia.com.br\/noticia\/wp-json\/wp\/v2\/types\/post"}],"author":[{"embeddable":true,"href":"https:\/\/migracao.redenoticia.com.br\/noticia\/wp-json\/wp\/v2\/users\/2"}],"replies":[{"embeddable":true,"href":"https:\/\/migracao.redenoticia.com.br\/noticia\/wp-json\/wp\/v2\/comments?post=124316"}],"version-history":[{"count":0,"href":"https:\/\/migracao.redenoticia.com.br\/noticia\/wp-json\/wp\/v2\/posts\/124316\/revisions"}],"wp:featuredmedia":[{"embeddable":true,"href":"https:\/\/migracao.redenoticia.com.br\/noticia\/wp-json\/wp\/v2\/media\/34747"}],"wp:attachment":[{"href":"https:\/\/migracao.redenoticia.com.br\/noticia\/wp-json\/wp\/v2\/media?parent=124316"}],"wp:term":[{"taxonomy":"category","embeddable":true,"href":"https:\/\/migracao.redenoticia.com.br\/noticia\/wp-json\/wp\/v2\/categories?post=124316"},{"taxonomy":"post_tag","embeddable":true,"href":"https:\/\/migracao.redenoticia.com.br\/noticia\/wp-json\/wp\/v2\/tags?post=124316"}],"curies":[{"name":"wp","href":"https:\/\/api.w.org\/{rel}","templated":true}]}}