{"id":124352,"date":"2017-10-26T16:50:52","date_gmt":"2017-10-26T18:50:52","guid":{"rendered":"https:\/\/www.redenoticia.com.br\/noticia\/?p=124352"},"modified":"2017-10-26T16:32:47","modified_gmt":"2017-10-26T18:32:47","slug":"resumo-novela-malhacao-2710-os-alunos-organizam-um-protesto-contra-malu","status":"publish","type":"post","link":"https:\/\/migracao.redenoticia.com.br\/noticia\/2017\/resumo-novela-malhacao-2710-os-alunos-organizam-um-protesto-contra-malu\/124352","title":{"rendered":"Resumo novela \u201cMalha\u00e7\u00e3o\u201d 27\/10: alunos organizam protesto contra Malu"},"content":{"rendered":"<p><img loading=\"lazy\" decoding=\"async\" class=\"alignleft size-thumbnail wp-image-110075\" src=\"https:\/\/migracao.redenoticia.com.br\/noticia\/imagens\/malhacao-viva-a-diferenca-150x112.jpg\" alt=\"\" width=\"150\" height=\"112\" srcset=\"https:\/\/migracao.redenoticia.com.br\/noticia\/imagens\/malhacao-viva-a-diferenca-150x112.jpg 150w, https:\/\/migracao.redenoticia.com.br\/noticia\/imagens\/malhacao-viva-a-diferenca-265x198.jpg 265w\" sizes=\"auto, (max-width: 150px) 100vw, 150px\" \/><strong><em>Resumo novela \u201cMalha\u00e7\u00e3o\u201d 27\/10<\/em><\/strong>: no cap\u00edtulo 123(*) da novela \u201cMalha\u00e7\u00e3o\u201d, resumo de sexta-feira, 27 de outubro, Nestor e Odaiu\u00e1 partem de volta para Santos, e Roney comemora. Tato e Deco discutem sobre os cuidados com Tonico, e Keyla aparta os dois. Juca e Guto enviam letras de m\u00fasica para Ben\u00ea, e Julinho pergunta se a irm\u00e3 est\u00e1 namorando os dois. K1 sugere que K2 se aproxime de Keyla para apaziguar as desconfian\u00e7as em rela\u00e7\u00e3o a Tato. D\u00f3ris desconfia que K2 tenha mentido para ela. Os alunos confrontam Malu sobre o uso do uniforme escolar. D\u00f3ris avisa a K2 que convocar\u00e1 uma reuni\u00e3o com a m\u00e3e dela. B\u00f3ris aconselha MB, Tina e Guto a se unirem para resolver o problema com Malu. D\u00f3ris descobre o esquema de falsifica\u00e7\u00f5es comandado por K2. Os alunos organizam um protesto contra Malu, e Clara desafia a m\u00e3e.<\/p>\n<p>(*) edi\u00e7\u00e3o da Rede Globo, Novela \u201cMalha\u00e7\u00e3o\u201d, sujeito a altera\u00e7\u00e3o de data e conte\u00fado.<\/p>\n<p>A vig\u00e9sima quinta temporada da s\u00e9rie de televis\u00e3o brasileira Malha\u00e7\u00e3o, produzida pela Rede Globo, \u00e9 escrita por Cao Hamburger, com colabora\u00e7\u00e3o de Jaqueline Vargas, Luciana Pessanha, Vitor Brandt e Carolina Ziskind, e conta com a dire\u00e7\u00e3o de Paulo Silvestrini. Pela primeira vez ap\u00f3s vinte e quatro temporadas, a novela ser\u00e1 ambientada nas zonas leste e sul da cidade de S\u00e3o Paulo. A trama \u00e9 protagonizada por Gabriela Medvedovski, Heslaine Vieira, Ana Hikari, Manoela Aliperti e Daphne Bozaski. O elenco tamb\u00e9m \u00e9 composto por Matheus Abreu, Hall Mendes, Juan Piava, Gabriel Calamari, Bruno Gadiol, Giovanna Grigio, Aline Fanju, L\u00facio Mauro Filho, Malu Galli, Angelo Ant\u00f4nio, Daniela Galli, Marcello Antony, Isabella Scherer, Talita Younan e Carol Macedo nos papeis principais.<\/p>\n","protected":false},"excerpt":{"rendered":"<p>Resumo novela \u201cMalha\u00e7\u00e3o\u201d 27\/10: no cap\u00edtulo 123(*) da novela \u201cMalha\u00e7\u00e3o\u201d, resumo de sexta-feira, 27 de outubro, Nestor e Odaiu\u00e1 partem de volta para Santos, e Roney comemora. Tato e Deco discutem sobre os cuidados com Tonico, e Keyla aparta os dois. Juca e Guto enviam letras de m\u00fasica para Ben\u00ea, e Julinho pergunta se a [&hellip;]<\/p>\n","protected":false},"author":4,"featured_media":110072,"comment_status":"open","ping_status":"closed","sticky":false,"template":"","format":"standard","meta":{"tdm_status":"","tdm_grid_status":"","footnotes":""},"categories":[447,379,375,343],"tags":[441],"class_list":{"0":"post-124352","1":"post","2":"type-post","3":"status-publish","4":"format-standard","5":"has-post-thumbnail","7":"category-malhacao","8":"category-novelas","9":"category-rede-globo","10":"category-televisao","11":"tag-resumo-do-dia"},"_links":{"self":[{"href":"https:\/\/migracao.redenoticia.com.br\/noticia\/wp-json\/wp\/v2\/posts\/124352","targetHints":{"allow":["GET"]}}],"collection":[{"href":"https:\/\/migracao.redenoticia.com.br\/noticia\/wp-json\/wp\/v2\/posts"}],"about":[{"href":"https:\/\/migracao.redenoticia.com.br\/noticia\/wp-json\/wp\/v2\/types\/post"}],"author":[{"embeddable":true,"href":"https:\/\/migracao.redenoticia.com.br\/noticia\/wp-json\/wp\/v2\/users\/4"}],"replies":[{"embeddable":true,"href":"https:\/\/migracao.redenoticia.com.br\/noticia\/wp-json\/wp\/v2\/comments?post=124352"}],"version-history":[{"count":0,"href":"https:\/\/migracao.redenoticia.com.br\/noticia\/wp-json\/wp\/v2\/posts\/124352\/revisions"}],"wp:featuredmedia":[{"embeddable":true,"href":"https:\/\/migracao.redenoticia.com.br\/noticia\/wp-json\/wp\/v2\/media\/110072"}],"wp:attachment":[{"href":"https:\/\/migracao.redenoticia.com.br\/noticia\/wp-json\/wp\/v2\/media?parent=124352"}],"wp:term":[{"taxonomy":"category","embeddable":true,"href":"https:\/\/migracao.redenoticia.com.br\/noticia\/wp-json\/wp\/v2\/categories?post=124352"},{"taxonomy":"post_tag","embeddable":true,"href":"https:\/\/migracao.redenoticia.com.br\/noticia\/wp-json\/wp\/v2\/tags?post=124352"}],"curies":[{"name":"wp","href":"https:\/\/api.w.org\/{rel}","templated":true}]}}