{"id":124474,"date":"2017-10-30T00:04:26","date_gmt":"2017-10-30T02:04:26","guid":{"rendered":"https:\/\/www.redenoticia.com.br\/noticia\/?p=124474"},"modified":"2017-10-29T12:08:21","modified_gmt":"2017-10-29T14:08:21","slug":"pesquisa-investiga-como-nanoparticulas-podem-eliminar-bacterias-com-mais-eficiencia","status":"publish","type":"post","link":"https:\/\/migracao.redenoticia.com.br\/noticia\/2017\/pesquisa-investiga-como-nanoparticulas-podem-eliminar-bacterias-com-mais-eficiencia\/124474","title":{"rendered":"Pesquisa investiga como nanopart\u00edculas podem eliminar bact\u00e9rias com mais efici\u00eancia"},"content":{"rendered":"<p> Maria Fernanda Ziegler\u00a0 |\u00a0 Ag\u00eancia FAPESP\u00a0\u2013 H\u00e1 mais de duas d\u00e9cadas, f\u00e1rmacos baseados em nanopart\u00edculas s\u00e3o considerados importantes alvos da medicina personalizada. Potencialmente capazes de atingir diretamente tumores, infec\u00e7\u00f5es e inflama\u00e7\u00f5es no organismo do paciente, os <strong><em>nanof\u00e1rmacos<\/em><\/strong> permitem a combina\u00e7\u00e3o perfeita de doses ideais com o direcionamento ao local exato de atua\u00e7\u00e3o.<\/p>\n<p>Tornar vi\u00e1vel esse tipo de tratamento espec\u00edfico para cada indiv\u00edduo implica superar dois problemas interligados que podem alterar a efici\u00eancia dos nanof\u00e1rmacos. O primeiro est\u00e1 na manuten\u00e7\u00e3o das nanopart\u00edculas e envolve a estabilidade coloidal. Assim que entram em contato com um fluido biol\u00f3gico \u2013 sangue, por exemplo \u2013, elas tendem a alterar o potencial de superf\u00edcie. O segundo \u00e9 a forma\u00e7\u00e3o de um recobrimento inespec\u00edfico (chamado de coroa) nas nanopart\u00edculas com o acumulo de mol\u00e9culas menores como pept\u00eddeos, a\u00e7\u00facares e prote\u00ednas.<\/p>\n<p>Pesquisadores brasileiros conseguiram, pela primeira vez, demonstrar o impacto de componentes biol\u00f3gicos al\u00e9m das prote\u00ednas, geralmente desprezados na forma\u00e7\u00e3o dessa coroa. No artigo de capa do\u00a0, Maiara Emer e Mateus Borba Cardoso, pesquisadores do Centro Nacional de Pesquisa em Energia e Materiais (CNPEM), mostram que, al\u00e9m das prote\u00ednas, componentes relevantes como pept\u00eddeos, a\u00e7\u00facares e outros tipos de mol\u00e9culas \u2013 que formam a coroa biomolecular \u2013 impactam na efici\u00eancia das nanopart\u00edculas.<\/p>\n<p>Existe uma ampla literatura que descreveu a coroa formada por prote\u00ednas. Fora isso, a forma\u00e7\u00e3o de coroa por outros componentes j\u00e1 havia sido descrita em estudos pr\u00e9vios. Por\u00e9m, nunca havia sido verificado que a quantidade de coroa formada por outros componentes impactaria diretamente na resposta biol\u00f3gica da nanopart\u00edcula.<\/p>\n<p>\u201cH\u00e1 muitos estudos sobre a coroa proteica [formada apenas por prote\u00ednas], mas, em rela\u00e7\u00e3o \u00e0 coroa biomolecular, s\u00f3 se sabia que ela existia e que possivelmente n\u00e3o interferiria em nenhum aspecto das nanopart\u00edculas. Demonstramos, no entanto, que n\u00e3o \u00e9 bem assim. Existe impacto e ele n\u00e3o deve ser negligenciado\u201d, disse Cardoso \u00e0\u00a0Ag\u00eancia FAPESP.<\/p>\n<p>No estudo, nanopart\u00edculas de s\u00edlica com diferentes superf\u00edcies foram incubadas em culturas de bact\u00e9rias\u00a0Escherichia coli\u00a0e\u00a0Staphylococcus aureus, em um ensaio com aus\u00eancia de prote\u00edna. Os meios utilizados para o crescimento das bact\u00e9rias s\u00e3o ricos em v\u00e1rios desses componentes biol\u00f3gicos que formam a coroa biomolecular.<\/p>\n<p>Os pesquisadores testaram ent\u00e3o o crescimento e morte das bact\u00e9rias e a efici\u00eancia das nanopart\u00edculas contra as bact\u00e9rias. Os resultados mostraram que existe uma forte correla\u00e7\u00e3o entre a forma\u00e7\u00e3o da coroa biomolecular nas nanopart\u00edculas e sua capacidade bactericida.<\/p>\n<p>\u201cObservamos que nanopart\u00edculas com superf\u00edcies distintas diferem ao adsorver em maior ou menor quantidade esses componentes. E \u00e9 essa maior ou menor capacidade que est\u00e1 relacionada \u00e0 efici\u00eancia do nanomedicamento de matar a bact\u00e9ria\u201d, disse Cardoso.<\/p>\n<p>Foi demonstrado tamb\u00e9m que a liga\u00e7\u00e3o da nanopart\u00edcula com os componentes do fluido biomolecular pode influenciar a estabilidade coloidal dependendo da superf\u00edcie das nanopart\u00edculas. \u201cDependendo da superf\u00edcie ocorre maior ou menor liga\u00e7\u00e3o entre as mol\u00e9culas. Isso reflete na capacidade da nanopart\u00edcula de matar bact\u00e9rias\u201d, disse.<\/p>\n<p>Os pesquisadores agora est\u00e3o trabalhando uma nova estrat\u00e9gia para evitar a forma\u00e7\u00e3o das coroas proteica e biomolecular em nanopart\u00edculas.<\/p>\n<p>O artigo\u00a0Biomolecular corona formation: nature and bactericidal impact on surface-modified silica nanoparticles\u00a0(doi: http:\/\/dx.doi.org\/10.1039\/c7tb01744h), de Maiara Emer e Mateus Borba Cardoso, pode ser lido no\u00a0Journal of Materials Chemistry Bem\u00a0.<\/p>\n","protected":false},"excerpt":{"rendered":"<p>Maria Fernanda Ziegler\u00a0 |\u00a0 Ag\u00eancia FAPESP\u00a0\u2013 H\u00e1 mais de duas d\u00e9cadas, f\u00e1rmacos baseados em nanopart\u00edculas s\u00e3o considerados importantes alvos da medicina personalizada. Potencialmente capazes de atingir diretamente tumores, infec\u00e7\u00f5es e inflama\u00e7\u00f5es no organismo do paciente, os nanof\u00e1rmacos permitem a combina\u00e7\u00e3o perfeita de doses ideais com o direcionamento ao local exato de atua\u00e7\u00e3o. Tornar vi\u00e1vel esse [&hellip;]<\/p>\n","protected":false},"author":2,"featured_media":37376,"comment_status":"open","ping_status":"closed","sticky":false,"template":"","format":"standard","meta":{"tdm_status":"","tdm_grid_status":"","footnotes":""},"categories":[22,5],"tags":[],"class_list":{"0":"post-124474","1":"post","2":"type-post","3":"status-publish","4":"format-standard","5":"has-post-thumbnail","7":"category-brasil","8":"category-saude-e-vida"},"_links":{"self":[{"href":"https:\/\/migracao.redenoticia.com.br\/noticia\/wp-json\/wp\/v2\/posts\/124474","targetHints":{"allow":["GET"]}}],"collection":[{"href":"https:\/\/migracao.redenoticia.com.br\/noticia\/wp-json\/wp\/v2\/posts"}],"about":[{"href":"https:\/\/migracao.redenoticia.com.br\/noticia\/wp-json\/wp\/v2\/types\/post"}],"author":[{"embeddable":true,"href":"https:\/\/migracao.redenoticia.com.br\/noticia\/wp-json\/wp\/v2\/users\/2"}],"replies":[{"embeddable":true,"href":"https:\/\/migracao.redenoticia.com.br\/noticia\/wp-json\/wp\/v2\/comments?post=124474"}],"version-history":[{"count":0,"href":"https:\/\/migracao.redenoticia.com.br\/noticia\/wp-json\/wp\/v2\/posts\/124474\/revisions"}],"wp:featuredmedia":[{"embeddable":true,"href":"https:\/\/migracao.redenoticia.com.br\/noticia\/wp-json\/wp\/v2\/media\/37376"}],"wp:attachment":[{"href":"https:\/\/migracao.redenoticia.com.br\/noticia\/wp-json\/wp\/v2\/media?parent=124474"}],"wp:term":[{"taxonomy":"category","embeddable":true,"href":"https:\/\/migracao.redenoticia.com.br\/noticia\/wp-json\/wp\/v2\/categories?post=124474"},{"taxonomy":"post_tag","embeddable":true,"href":"https:\/\/migracao.redenoticia.com.br\/noticia\/wp-json\/wp\/v2\/tags?post=124474"}],"curies":[{"name":"wp","href":"https:\/\/api.w.org\/{rel}","templated":true}]}}