{"id":124490,"date":"2017-10-30T00:07:49","date_gmt":"2017-10-30T02:07:49","guid":{"rendered":"https:\/\/www.redenoticia.com.br\/noticia\/?p=124490"},"modified":"2017-10-29T12:12:01","modified_gmt":"2017-10-29T14:12:01","slug":"each-usp-abre-processo-seletivo-de-pos-graduacao-em-sustentabilidade","status":"publish","type":"post","link":"https:\/\/migracao.redenoticia.com.br\/noticia\/2017\/each-usp-abre-processo-seletivo-de-pos-graduacao-em-sustentabilidade\/124490","title":{"rendered":"EACH-USP abre processo seletivo de p\u00f3s-gradua\u00e7\u00e3o em Sustentabilidade"},"content":{"rendered":"<p> Ag\u00eancia FAPESP\u00a0\u2013 A Escola de Artes, Ci\u00eancias e Humanidades da Universidade de S\u00e3o Paulo (EACH-USP) est\u00e1 com inscri\u00e7\u00f5es abertas para o processo seletivo do Programa de <strong><em>P\u00f3s-Gradua\u00e7\u00e3o em Sustentabilidade<\/em><\/strong>. Interessados podem se inscrever at\u00e9 o dia 1\u00ba de novembro de 2017.<\/p>\n<p>S\u00e3o oferecidas at\u00e9 25 vagas de mestrado e at\u00e9 15 de doutorado para o primeiro semestre de 2018. H\u00e1 duas linhas de pesquisa dispon\u00edveis para os candidatos: \u201cCi\u00eancia e Tecnologia Ambiental\u201d e \u201cGest\u00e3o Ambiental\u201d.<\/p>\n<p>O processo seletivo ser\u00e1 composto por duas fases: avalia\u00e7\u00e3o escrita e oral. A prova escrita ser\u00e1 realizada no dia 13 de novembro e ser\u00e1 espec\u00edfica para a linha de pesquisa escolhida no momento da inscri\u00e7\u00e3o. J\u00e1 a prova oral ser\u00e1 nos dias 27 e 28 de novembro e avaliar\u00e1 o projeto de pesquisa do candidato e a articula\u00e7\u00e3o do projeto com o PPG-Sustentabilidade, seu hist\u00f3rico escolar em n\u00edvel de gradua\u00e7\u00e3o e mestrado (para candidatos ao doutorado) e seu curr\u00edculo Lattes.<\/p>\n<p>As inscri\u00e7\u00f5es dever\u00e3o ser efetuadas mediante postagem pelo correio, via Sedex ou entrega de envelope lacrado diretamente na secretaria de p\u00f3s-gradua\u00e7\u00e3o, das 10 \u00e0s 13 horas ou das 14 \u00e0s 17 horas.<\/p>\n<p>O envio deve ser para o Servi\u00e7o de P\u00f3s-Gradua\u00e7\u00e3o da EACH\/USP, \u201cInscri\u00e7\u00e3o no Processo Seletivo 2018, Mestrado em Sustentabilidade\u201d ou \u201cInscri\u00e7\u00e3o no Processo Seletivo 2018, Doutorado em Sustentabilidade\u201d, Escola de Artes, Ci\u00eancias e Humanidades, Universidade de S\u00e3o Paulo, rua Arlindo B\u00e9ttio, 1000, S\u00e3o Paulo, SP, CEP 03828-000.<\/p>\n<p>A lista de aprovados ser\u00e1 divulgada no dia 15 de dezembro.<\/p>\n<p>Mais informa\u00e7\u00f5es:\u00a0.<\/p>\n","protected":false},"excerpt":{"rendered":"<p>Ag\u00eancia FAPESP\u00a0\u2013 A Escola de Artes, Ci\u00eancias e Humanidades da Universidade de S\u00e3o Paulo (EACH-USP) est\u00e1 com inscri\u00e7\u00f5es abertas para o processo seletivo do Programa de P\u00f3s-Gradua\u00e7\u00e3o em Sustentabilidade. Interessados podem se inscrever at\u00e9 o dia 1\u00ba de novembro de 2017. S\u00e3o oferecidas at\u00e9 25 vagas de mestrado e at\u00e9 15 de doutorado para o [&hellip;]<\/p>\n","protected":false},"author":2,"featured_media":28951,"comment_status":"open","ping_status":"closed","sticky":false,"template":"","format":"standard","meta":{"tdm_status":"","tdm_grid_status":"","footnotes":""},"categories":[22,351,370],"tags":[],"class_list":{"0":"post-124490","1":"post","2":"type-post","3":"status-publish","4":"format-standard","5":"has-post-thumbnail","7":"category-brasil","8":"category-cursos","9":"category-inscricao"},"_links":{"self":[{"href":"https:\/\/migracao.redenoticia.com.br\/noticia\/wp-json\/wp\/v2\/posts\/124490","targetHints":{"allow":["GET"]}}],"collection":[{"href":"https:\/\/migracao.redenoticia.com.br\/noticia\/wp-json\/wp\/v2\/posts"}],"about":[{"href":"https:\/\/migracao.redenoticia.com.br\/noticia\/wp-json\/wp\/v2\/types\/post"}],"author":[{"embeddable":true,"href":"https:\/\/migracao.redenoticia.com.br\/noticia\/wp-json\/wp\/v2\/users\/2"}],"replies":[{"embeddable":true,"href":"https:\/\/migracao.redenoticia.com.br\/noticia\/wp-json\/wp\/v2\/comments?post=124490"}],"version-history":[{"count":0,"href":"https:\/\/migracao.redenoticia.com.br\/noticia\/wp-json\/wp\/v2\/posts\/124490\/revisions"}],"wp:featuredmedia":[{"embeddable":true,"href":"https:\/\/migracao.redenoticia.com.br\/noticia\/wp-json\/wp\/v2\/media\/28951"}],"wp:attachment":[{"href":"https:\/\/migracao.redenoticia.com.br\/noticia\/wp-json\/wp\/v2\/media?parent=124490"}],"wp:term":[{"taxonomy":"category","embeddable":true,"href":"https:\/\/migracao.redenoticia.com.br\/noticia\/wp-json\/wp\/v2\/categories?post=124490"},{"taxonomy":"post_tag","embeddable":true,"href":"https:\/\/migracao.redenoticia.com.br\/noticia\/wp-json\/wp\/v2\/tags?post=124490"}],"curies":[{"name":"wp","href":"https:\/\/api.w.org\/{rel}","templated":true}]}}