{"id":124555,"date":"2017-10-30T17:58:44","date_gmt":"2017-10-30T19:58:44","guid":{"rendered":"https:\/\/www.redenoticia.com.br\/noticia\/?p=124555"},"modified":"2017-10-30T17:58:44","modified_gmt":"2017-10-30T19:58:44","slug":"resumo-novela-chiquititas-3110-carol-pede-para-bruno-dar-mais-atencao-a-dani","status":"publish","type":"post","link":"https:\/\/migracao.redenoticia.com.br\/noticia\/2017\/resumo-novela-chiquititas-3110-carol-pede-para-bruno-dar-mais-atencao-a-dani\/124555","title":{"rendered":"Resumo novela \u201cChiquititas\u201d 31\/10: Carol pede para Bruno dar mais aten\u00e7\u00e3o a Dani"},"content":{"rendered":"<p><img loading=\"lazy\" decoding=\"async\" class=\"alignleft size-thumbnail wp-image-49690\" src=\"https:\/\/migracao.redenoticia.com.br\/noticia\/imagens\/chiquititas1-150x112.jpg\" alt=\"chiquititas\" width=\"150\" height=\"112\" \/><strong><em>Resumo novela \u201cChiquititas\u201d 31\/10<\/em><\/strong>: no cap\u00edtulo 296(*) da novela \u201cChiquititas\u201d, resumo de ter\u00e7a-feira, 31 de outubro, Armando come\u00e7a a reuni\u00e3o na filial e diz aos acionistas que ficou encarregado de conduzir a reuni\u00e3o. Armando apresenta o projeto do super a\u00e7\u00facar ao inv\u00e9s do projeto selecionado por Junior, com alimentos saud\u00e1veis. Bruno chega em casa e v\u00ea Carol. A diretora do orfanato fala sobre as reclama\u00e7\u00f5es de Dani e pede para Bruno dar mais aten\u00e7\u00e3o a filha. Maria Cec\u00edlia chega a reuni\u00e3o, que j\u00e1 foi finalizada. Armando finge que todos preferiram a proposta dele, por\u00e9m, na verdade, ele nem apresentou a proposta correta. Junior fica nervoso ao saber do ocorrido. \u00c9rica \u00e9 cortada do roteiro da s\u00e9rie por ser considerada a pior e mais insuport\u00e1vel atriz que o diretor (Renato Scarpin) j\u00e1 conheceu. Neco e Maria veem Matilde com creme verde facial e acham que se trata de algo relacionado a ela ser uma bruxa.<\/p>\n<p>(*) edi\u00e7\u00e3o do SBT, Novela \u201cChiquititas\u201d, sujeito a altera\u00e7\u00e3o de data e conte\u00fado.<\/p>\n<p>Chiquititas gira em torno do orfanato Raio de Luz, que carrega em sua hist\u00f3ria um grande segredo envolvendo a fam\u00edlia e o dono do orfanato, Dr. Jos\u00e9 Ricardo Almeida Campos. Em um per\u00edodo anterior \u00e0 novela, exatos treze anos, sua filha Gabriela se apaixonou e ficou gr\u00e1vida de Miguel, filho de Valentina, empregada da casa dos Almeida Campos. Pouco depois, Jos\u00e9 Ricardo sequestrou sua neta, pois, como um homem conservador, ele n\u00e3o aceitava a ideia de que sua filha se envolvesse com um empregado. Como sua neta, Milena, apelidada como Mili, precisava de um lugar para morar, ele comprou um casar\u00e3o e fundou um orfanato, o Raio de Luz. Mili cresceu l\u00e1 com outras garotas que chegaram posteriormente: Bia, Ana, as irm\u00e3s Tati e Vivi, e Cris. Ao decorrer dos anos, elas se tornam uma fam\u00edlia. Elas s\u00e3o supervisionadas por Ernestina, zeladora do orfanato, e Chico, o cozinheiro amado pelas internas. Sofia, ex-governanta da fam\u00edlia Almeida Campos, \u00e9 a diretora do lugar, at\u00e9 que Carmem, irm\u00e3 de Jos\u00e9 Ricardo, entre em seu lugar. Chegam ainda mais \u00f3rf\u00e3os: Pata, Mosca, Binho e Rafa, que viviam nas ruas antes de entrarem na institui\u00e7\u00e3o. Pata e Mili tornam-se amigas rapidamente, enquanto Mosca, Binho e Rafa s\u00e3o os primeiros garotos a entrar no abrigo. As crian\u00e7as sem-teto foram ajudadas por uma doce e bela garota que tocam e mudam a vida delas, assim como as das garotas \u00f3rf\u00e3s.<\/p>\n","protected":false},"excerpt":{"rendered":"<p>Resumo novela \u201cChiquititas\u201d 31\/10: no cap\u00edtulo 296(*) da novela \u201cChiquititas\u201d, resumo de ter\u00e7a-feira, 31 de outubro, Armando come\u00e7a a reuni\u00e3o na filial e diz aos acionistas que ficou encarregado de conduzir a reuni\u00e3o. Armando apresenta o projeto do super a\u00e7\u00facar ao inv\u00e9s do projeto selecionado por Junior, com alimentos saud\u00e1veis. Bruno chega em casa e [&hellip;]<\/p>\n","protected":false},"author":4,"featured_media":49690,"comment_status":"open","ping_status":"closed","sticky":false,"template":"","format":"standard","meta":{"tdm_status":"","tdm_grid_status":"","footnotes":""},"categories":[409,379,372,343],"tags":[441],"class_list":{"0":"post-124555","1":"post","2":"type-post","3":"status-publish","4":"format-standard","5":"has-post-thumbnail","7":"category-chiquititas","8":"category-novelas","9":"category-sbt","10":"category-televisao","11":"tag-resumo-do-dia"},"_links":{"self":[{"href":"https:\/\/migracao.redenoticia.com.br\/noticia\/wp-json\/wp\/v2\/posts\/124555","targetHints":{"allow":["GET"]}}],"collection":[{"href":"https:\/\/migracao.redenoticia.com.br\/noticia\/wp-json\/wp\/v2\/posts"}],"about":[{"href":"https:\/\/migracao.redenoticia.com.br\/noticia\/wp-json\/wp\/v2\/types\/post"}],"author":[{"embeddable":true,"href":"https:\/\/migracao.redenoticia.com.br\/noticia\/wp-json\/wp\/v2\/users\/4"}],"replies":[{"embeddable":true,"href":"https:\/\/migracao.redenoticia.com.br\/noticia\/wp-json\/wp\/v2\/comments?post=124555"}],"version-history":[{"count":0,"href":"https:\/\/migracao.redenoticia.com.br\/noticia\/wp-json\/wp\/v2\/posts\/124555\/revisions"}],"wp:featuredmedia":[{"embeddable":true,"href":"https:\/\/migracao.redenoticia.com.br\/noticia\/wp-json\/wp\/v2\/media\/49690"}],"wp:attachment":[{"href":"https:\/\/migracao.redenoticia.com.br\/noticia\/wp-json\/wp\/v2\/media?parent=124555"}],"wp:term":[{"taxonomy":"category","embeddable":true,"href":"https:\/\/migracao.redenoticia.com.br\/noticia\/wp-json\/wp\/v2\/categories?post=124555"},{"taxonomy":"post_tag","embeddable":true,"href":"https:\/\/migracao.redenoticia.com.br\/noticia\/wp-json\/wp\/v2\/tags?post=124555"}],"curies":[{"name":"wp","href":"https:\/\/api.w.org\/{rel}","templated":true}]}}