{"id":124561,"date":"2017-10-30T18:01:27","date_gmt":"2017-10-30T20:01:27","guid":{"rendered":"https:\/\/www.redenoticia.com.br\/noticia\/?p=124561"},"modified":"2017-10-30T18:01:27","modified_gmt":"2017-10-30T20:01:27","slug":"resumo-novela-malhacao-3110-edgar-afirma-que-nao-punira-os-alunos","status":"publish","type":"post","link":"https:\/\/migracao.redenoticia.com.br\/noticia\/2017\/resumo-novela-malhacao-3110-edgar-afirma-que-nao-punira-os-alunos\/124561","title":{"rendered":"Resumo novela \u201cMalha\u00e7\u00e3o\u201d 31\/10: Edgar afirma que n\u00e3o punir\u00e1 os alunos"},"content":{"rendered":"<p><img loading=\"lazy\" decoding=\"async\" class=\"alignleft size-thumbnail wp-image-110075\" src=\"https:\/\/migracao.redenoticia.com.br\/noticia\/imagens\/malhacao-viva-a-diferenca-150x112.jpg\" alt=\"\" width=\"150\" height=\"112\" srcset=\"https:\/\/migracao.redenoticia.com.br\/noticia\/imagens\/malhacao-viva-a-diferenca-150x112.jpg 150w, https:\/\/migracao.redenoticia.com.br\/noticia\/imagens\/malhacao-viva-a-diferenca-265x198.jpg 265w\" sizes=\"auto, (max-width: 150px) 100vw, 150px\" \/><strong><em>Resumo novela \u201cMalha\u00e7\u00e3o\u201d 31\/10<\/em><\/strong>: no cap\u00edtulo 125(*) da novela \u201cMalha\u00e7\u00e3o\u201d, resumo de ter\u00e7a-feira, 31 de outubro, os alunos se assustam com a rea\u00e7\u00e3o de Edgar, que afirma estar ao lado dos jovens. Edgar comenta que B\u00f3ris voltar\u00e1 ao col\u00e9gio. Lica e Clara cuidam de Edgar. Yoko se entende com Anderson e Tina comemora. B\u00f3ris ajuda Roney a fazer uma serenata para Josefina. Clara e Lica discutem. Mitusko e Noboru viajam, e Tina e Telma selam um pacto. Edgar afirma a Malu que n\u00e3o punir\u00e1 os alunos pelos protestos. Felipe e MB ajudam Lica. Fio reclama com Ellen por n\u00e3o ter lhe falado sobre a poss\u00edvel viagem para o festival de tecnologia. MB sugere que Lica promova uma nova festa em sua casa. Juca e Guto falam sobre Ben\u00ea. K2 comenta com K1 que D\u00f3ris est\u00e1 desconfiada de seu esquema de falsifica\u00e7\u00e3o. Edgar pede que Clara n\u00e3o conte a Malu sobre a acusa\u00e7\u00e3o de Lica.<\/p>\n<p>(*) edi\u00e7\u00e3o da Rede Globo, Novela \u201cMalha\u00e7\u00e3o\u201d, sujeito a altera\u00e7\u00e3o de data e conte\u00fado.<\/p>\n<p>A vig\u00e9sima quinta temporada da s\u00e9rie de televis\u00e3o brasileira Malha\u00e7\u00e3o, produzida pela Rede Globo, \u00e9 escrita por Cao Hamburger, com colabora\u00e7\u00e3o de Jaqueline Vargas, Luciana Pessanha, Vitor Brandt e Carolina Ziskind, e conta com a dire\u00e7\u00e3o de Paulo Silvestrini. Pela primeira vez ap\u00f3s vinte e quatro temporadas, a novela ser\u00e1 ambientada nas zonas leste e sul da cidade de S\u00e3o Paulo. A trama \u00e9 protagonizada por Gabriela Medvedovski, Heslaine Vieira, Ana Hikari, Manoela Aliperti e Daphne Bozaski. O elenco tamb\u00e9m \u00e9 composto por Matheus Abreu, Hall Mendes, Juan Piava, Gabriel Calamari, Bruno Gadiol, Giovanna Grigio, Aline Fanju, L\u00facio Mauro Filho, Malu Galli, Angelo Ant\u00f4nio, Daniela Galli, Marcello Antony, Isabella Scherer, Talita Younan e Carol Macedo nos papeis principais.<\/p>\n","protected":false},"excerpt":{"rendered":"<p>Resumo novela \u201cMalha\u00e7\u00e3o\u201d 31\/10: no cap\u00edtulo 125(*) da novela \u201cMalha\u00e7\u00e3o\u201d, resumo de ter\u00e7a-feira, 31 de outubro, os alunos se assustam com a rea\u00e7\u00e3o de Edgar, que afirma estar ao lado dos jovens. Edgar comenta que B\u00f3ris voltar\u00e1 ao col\u00e9gio. Lica e Clara cuidam de Edgar. Yoko se entende com Anderson e Tina comemora. B\u00f3ris ajuda [&hellip;]<\/p>\n","protected":false},"author":4,"featured_media":110072,"comment_status":"open","ping_status":"closed","sticky":false,"template":"","format":"standard","meta":{"tdm_status":"","tdm_grid_status":"","footnotes":""},"categories":[447,379,375,343],"tags":[441],"class_list":{"0":"post-124561","1":"post","2":"type-post","3":"status-publish","4":"format-standard","5":"has-post-thumbnail","7":"category-malhacao","8":"category-novelas","9":"category-rede-globo","10":"category-televisao","11":"tag-resumo-do-dia"},"_links":{"self":[{"href":"https:\/\/migracao.redenoticia.com.br\/noticia\/wp-json\/wp\/v2\/posts\/124561","targetHints":{"allow":["GET"]}}],"collection":[{"href":"https:\/\/migracao.redenoticia.com.br\/noticia\/wp-json\/wp\/v2\/posts"}],"about":[{"href":"https:\/\/migracao.redenoticia.com.br\/noticia\/wp-json\/wp\/v2\/types\/post"}],"author":[{"embeddable":true,"href":"https:\/\/migracao.redenoticia.com.br\/noticia\/wp-json\/wp\/v2\/users\/4"}],"replies":[{"embeddable":true,"href":"https:\/\/migracao.redenoticia.com.br\/noticia\/wp-json\/wp\/v2\/comments?post=124561"}],"version-history":[{"count":0,"href":"https:\/\/migracao.redenoticia.com.br\/noticia\/wp-json\/wp\/v2\/posts\/124561\/revisions"}],"wp:featuredmedia":[{"embeddable":true,"href":"https:\/\/migracao.redenoticia.com.br\/noticia\/wp-json\/wp\/v2\/media\/110072"}],"wp:attachment":[{"href":"https:\/\/migracao.redenoticia.com.br\/noticia\/wp-json\/wp\/v2\/media?parent=124561"}],"wp:term":[{"taxonomy":"category","embeddable":true,"href":"https:\/\/migracao.redenoticia.com.br\/noticia\/wp-json\/wp\/v2\/categories?post=124561"},{"taxonomy":"post_tag","embeddable":true,"href":"https:\/\/migracao.redenoticia.com.br\/noticia\/wp-json\/wp\/v2\/tags?post=124561"}],"curies":[{"name":"wp","href":"https:\/\/api.w.org\/{rel}","templated":true}]}}