{"id":124571,"date":"2017-10-31T00:24:43","date_gmt":"2017-10-31T02:24:43","guid":{"rendered":"https:\/\/www.redenoticia.com.br\/noticia\/?p=124571"},"modified":"2017-10-30T20:08:05","modified_gmt":"2017-10-30T22:08:05","slug":"hc-busca-voluntarios-para-participar-de-pesquisa-sobre-tratamento-de-avc","status":"publish","type":"post","link":"https:\/\/migracao.redenoticia.com.br\/noticia\/2017\/hc-busca-voluntarios-para-participar-de-pesquisa-sobre-tratamento-de-avc\/124571","title":{"rendered":"HC busca volunt\u00e1rios para participar de pesquisa sobre tratamento de AVC"},"content":{"rendered":"<p> O Hospital das Cl\u00ednicas da Faculdade de Medicina da USP est\u00e1 convidando volunt\u00e1rios que queiram participar de estudo de pesquisa cl\u00ednica para avalia\u00e7\u00e3o de resultados de tratamento para reabilita\u00e7\u00e3o de pessoas afetadas por <strong><em>Acidente Vascular Cerebral<\/em><\/strong> (AVC).<\/p>\n<p>O perfil exigido para homens ou mulheres que queiram participar \u00e9 o de pessoas que sofreram o derrame e tenham ficado com um dos bra\u00e7os mais fraco.<\/p>\n<p>O estudo sobre os efeitos de tratamento com fisioterapia e estimula\u00e7\u00e3o cerebral de nervos perif\u00e9ricos para reabilita\u00e7\u00e3o ter\u00e1 dura\u00e7\u00e3o de um m\u00eas. Nesse per\u00edodo, os volunt\u00e1rios dever\u00e3o comparecer tr\u00eas vezes por semana ao Laborat\u00f3rio de Neuroestimula\u00e7\u00e3o da Divis\u00e3o de Cl\u00ednica Neurol\u00f3gica do HC FMUSP, \u00e0s segundas, quartas e sextas-feiras, no per\u00edodo da manh\u00e3.<\/p>\n<p>Os interessados que se enquadram no perfil exigido, devem entrar em contato pelo telefone (11) 2661-7955, com Rafael Luccas, Priscila Soares ou Paloma de Freitas, \u00e0s segundas, quartas ou sextas-feiras, das 8h \u00e0s 14h.<\/p>\n<p>Do Portal do Governo SP<\/p>\n","protected":false},"excerpt":{"rendered":"<p>O Hospital das Cl\u00ednicas da Faculdade de Medicina da USP est\u00e1 convidando volunt\u00e1rios que queiram participar de estudo de pesquisa cl\u00ednica para avalia\u00e7\u00e3o de resultados de tratamento para reabilita\u00e7\u00e3o de pessoas afetadas por Acidente Vascular Cerebral (AVC). O perfil exigido para homens ou mulheres que queiram participar \u00e9 o de pessoas que sofreram o derrame [&hellip;]<\/p>\n","protected":false},"author":2,"featured_media":57579,"comment_status":"open","ping_status":"closed","sticky":false,"template":"","format":"standard","meta":{"tdm_status":"","tdm_grid_status":"","footnotes":""},"categories":[22,5],"tags":[],"class_list":{"0":"post-124571","1":"post","2":"type-post","3":"status-publish","4":"format-standard","5":"has-post-thumbnail","7":"category-brasil","8":"category-saude-e-vida"},"_links":{"self":[{"href":"https:\/\/migracao.redenoticia.com.br\/noticia\/wp-json\/wp\/v2\/posts\/124571","targetHints":{"allow":["GET"]}}],"collection":[{"href":"https:\/\/migracao.redenoticia.com.br\/noticia\/wp-json\/wp\/v2\/posts"}],"about":[{"href":"https:\/\/migracao.redenoticia.com.br\/noticia\/wp-json\/wp\/v2\/types\/post"}],"author":[{"embeddable":true,"href":"https:\/\/migracao.redenoticia.com.br\/noticia\/wp-json\/wp\/v2\/users\/2"}],"replies":[{"embeddable":true,"href":"https:\/\/migracao.redenoticia.com.br\/noticia\/wp-json\/wp\/v2\/comments?post=124571"}],"version-history":[{"count":0,"href":"https:\/\/migracao.redenoticia.com.br\/noticia\/wp-json\/wp\/v2\/posts\/124571\/revisions"}],"wp:featuredmedia":[{"embeddable":true,"href":"https:\/\/migracao.redenoticia.com.br\/noticia\/wp-json\/wp\/v2\/media\/57579"}],"wp:attachment":[{"href":"https:\/\/migracao.redenoticia.com.br\/noticia\/wp-json\/wp\/v2\/media?parent=124571"}],"wp:term":[{"taxonomy":"category","embeddable":true,"href":"https:\/\/migracao.redenoticia.com.br\/noticia\/wp-json\/wp\/v2\/categories?post=124571"},{"taxonomy":"post_tag","embeddable":true,"href":"https:\/\/migracao.redenoticia.com.br\/noticia\/wp-json\/wp\/v2\/tags?post=124571"}],"curies":[{"name":"wp","href":"https:\/\/api.w.org\/{rel}","templated":true}]}}