{"id":124578,"date":"2017-10-31T00:26:58","date_gmt":"2017-10-31T02:26:58","guid":{"rendered":"https:\/\/www.redenoticia.com.br\/noticia\/?p=124578"},"modified":"2017-10-30T20:11:17","modified_gmt":"2017-10-30T22:11:17","slug":"exposicao-ao-ar-poluido-antes-ou-durante-a-gravidez-altera-a-estrutura-da-placenta","status":"publish","type":"post","link":"https:\/\/migracao.redenoticia.com.br\/noticia\/2017\/exposicao-ao-ar-poluido-antes-ou-durante-a-gravidez-altera-a-estrutura-da-placenta\/124578","title":{"rendered":"Exposi\u00e7\u00e3o ao ar polu\u00eddo antes ou durante a gravidez altera a estrutura da placenta"},"content":{"rendered":"<p> Elton Alisson\u00a0 |\u00a0 Ag\u00eancia FAPESP\u00a0\u2013 A exposi\u00e7\u00e3o de gestantes \u00e0 <strong><em>polui\u00e7\u00e3o do ar durante a gravidez<\/em><\/strong> influencia o desenvolvimento do feto. A crian\u00e7a pode apresentar baixo peso ao nascer, al\u00e9m de ter aumentada a possibilidade de apresentar determinadas doen\u00e7as na vida adulta, de acordo com estudos realizados no Brasil e no exterior. Os mecanismos moleculares por tr\u00e1s desses impactos da polui\u00e7\u00e3o na gesta\u00e7\u00e3o, contudo, ainda n\u00e3o estavam completamente elucidados.<\/p>\n<p>Um grupo de pesquisadores da Faculdade de Medicina da Universidade de S\u00e3o Paulo (FMUSP) constatou agora que a exposi\u00e7\u00e3o a poluentes atmosf\u00e9ricos, antes ou durante a gravidez, altera algumas caracter\u00edsticas da placenta, al\u00e9m de causar dist\u00farbios em um sistema hormonal relacionado ao fluxo sangu\u00edneo uteroplacent\u00e1rio e diminuir os n\u00edveis de fatores envolvidos no processo de forma\u00e7\u00e3o placent\u00e1ria.<\/p>\n<p>Os resultados do estudo, realizado no \u00e2mbito de um\u00a0\u00a0e do doutorado de S\u00f4nia de F\u00e1tima Soto, feito com\u00a0, foram publicados na revista\u00a0PLOS ONE.<\/p>\n<p>\u201cObservamos que a exposi\u00e7\u00e3o a poluentes antes e\/ou durante a gravidez desencadeia alguns fen\u00f4menos inflamat\u00f3rios ao longo do desenvolvimento da placenta que comprometem seu crescimento. Isso possivelmente interfere na transfer\u00eancia de nutrientes e de oxig\u00eanio da m\u00e3e para o feto\u201d, disse Joel Claudio Heimann, professor da FMUSP e orientador de Soto, \u00e0\u00a0Ag\u00eancia FAPESP.<\/p>\n<p>Os pesquisadores realizaram um experimento em que expuseram ratas Wistar \u2013 linhagem albina da esp\u00e9cie\u00a0Rattus norvegicus\u00a0\u2013, antes de acasalarem e ficarem prenhes, tanto ao ar filtrado como ao ar polu\u00eddo com concentra\u00e7\u00e3o de material particulado fino (menor que 2,5 micr\u00f4metros) de 600 microgramas (?g) por metro c\u00fabico (m<sup>3<\/sup>), utilizando para isso um equipamento chamado concentrador de part\u00edculas finas ambientais de Harvard (CPFAH). O tamanho de part\u00edcula foi determinado com base nas exposi\u00e7\u00f5es ambientais reais na Regi\u00e3o Metropolitana de S\u00e3o Paulo.<\/p>\n<p>Os animais foram divididos em quatro grupos. O primeiro foi exposto ao ar filtrado antes e durante a gravidez, o segundo foi colocado em contato com ar filtrado antes da gravidez e com ar polu\u00eddo durante a gravidez, um terceiro grupo foi submetido ao ar polu\u00eddo antes da gravidez e ao ar filtrado durante a gravidez, e o quarto, ao ar polu\u00eddo antes e durante a gravidez.<\/p>\n<p>Para simular as condi\u00e7\u00f5es reais de exposi\u00e7\u00e3o de mulheres \u00e0 polui\u00e7\u00e3o do ar antes e durante a gravidez em cidades como S\u00e3o Paulo, antes da gravidez os animais foram colocados em contato com ar polu\u00eddo durante uma hora cinco vezes por semana por tr\u00eas semanas seguidas. A partir do sexto dia de prenhez, o n\u00famero de exposi\u00e7\u00f5es foi de sete vezes por semana.<\/p>\n<p>As placentas dos animais foram coletadas no 19\u00ba dia de gravidez, dissecadas e pesadas de modo a avaliar os efeitos dos poluentes em sua estrutura e no sistema hormonal renina-angiotensina (RAS) uteroplacent\u00e1rio.<\/p>\n<p>Os resultados das an\u00e1lises indicaram que a exposi\u00e7\u00e3o ao ar polu\u00eddo antes e\/ou durante a gravidez diminuiu a massa, o tamanho e a \u00e1rea superficial da placenta e causou altera\u00e7\u00f5es no sistema RAS.<\/p>\n<p>Estudos anteriores apontaram que dist\u00farbios nesse sistema podem levar a uma redu\u00e7\u00e3o do fluxo sangu\u00edneo uteroplacent\u00e1rio. Al\u00e9m disso, a angiotensina II (AngII) \u2013 um pept\u00eddeo que faz parte desse sistema \u2013 \u00e9 um potente regulador da migra\u00e7\u00e3o e invas\u00e3o de trofoblasto \u2013 camada de c\u00e9lulas epiteliais que forma a parede externa da bl\u00e1stula dos mam\u00edferos (blastocisto) e atua na implanta\u00e7\u00e3o e nutri\u00e7\u00e3o do embri\u00e3o \u2013 no in\u00edcio da gravidez.<\/p>\n<p>A invas\u00e3o da vasculatura materna pelo trofoblasto \u00e9 um pr\u00e9-requisito para o estabelecimento de uma placenta normal e a continua\u00e7\u00e3o da gravidez, explicaram os pesquisadores.<\/p>\n<p>\u201cConstatamos que a exposi\u00e7\u00e3o das ratas prenhes \u00e0 polui\u00e7\u00e3o antes e\/ou durante a gravidez causou altera\u00e7\u00f5es no sistema renina-angiotensina dos animais. Mas s\u00e3o necess\u00e1rios novos estudos para elucidarmos mecanismos moleculares adicionais\u201d, disse Heimann.<\/p>\n<p>Interfer\u00eancia na forma\u00e7\u00e3o da placenta<\/p>\n<p>Os pesquisadores tamb\u00e9m avaliaram os efeitos da exposi\u00e7\u00e3o ao ar polu\u00eddo em fatores que influenciam o processo de forma\u00e7\u00e3o da placenta, como o fator de crescimento de transforma\u00e7\u00e3o beta 1 (TGF?1) e o fator de crescimento endotelial vascular (VEGF-A).<\/p>\n<p>Diversos estudos sugeriram que o TGF?1 tem um papel na invas\u00e3o da mucosa que recobre a face interna do \u00fatero (endom\u00e9trio). E, nos mam\u00edferos, o TGF?1 pode regular uma variedade de fun\u00e7\u00f5es celulares, incluindo prolifera\u00e7\u00e3o, diferencia\u00e7\u00e3o, morte programada (apoptose) e invas\u00e3o de c\u00e9lulas placent\u00e1rias.<\/p>\n<p>O VEGF-A tamb\u00e9m desempenha um papel na forma\u00e7\u00e3o da placenta ao modular a angiog\u00eanese, ligando-se a seus dois receptores: tirosina quinase 1 relacionada a fms (Flk-1) e tirosina quinase 1 hep\u00e1tica fetal (Flt-1). As an\u00e1lises moleculares indicaram que a exposi\u00e7\u00e3o ao ar polu\u00eddo diminuiu o conte\u00fado de TGF?1 e Flk-1 na placenta dos animais.<\/p>\n<p>A por\u00e7\u00e3o materna da placenta das ratas expostas a ar polu\u00eddo antes da gravidez e a ar filtrado durante a gravidez, comparada com a daquelas colocadas em contato com ar polu\u00eddo antes e durante a gravidez, apresentou diminui\u00e7\u00e3o nos n\u00edveis de angiotensina II (AngII) e seus receptores AT1 (AT1R) e AT2 (AT2R).<\/p>\n<p>Na por\u00e7\u00e3o fetal da placenta das ratas expostas a ar filtrado antes da gravidez e a ar polu\u00eddo durante a gravidez, a ar polu\u00eddo antes da gravidez e a ar filtrado durante a gravidez e a ar polu\u00eddo antes e durante a gravidez, os n\u00edveis de AngII tamb\u00e9m diminu\u00edram. Contudo, a AT1R aumentou no grupo de animais expostos a ar filtrado antes da gravidez e a ar polu\u00eddo durante a gravidez.<\/p>\n<p>A express\u00e3o do gene VEGF-A foi menor no grupo de ratas expostas a ar polu\u00eddo antes e durante a gravidez em compara\u00e7\u00e3o com os animais colocados em contato com ar filtrado antes e durante a gravidez.<\/p>\n<p>Essas altera\u00e7\u00f5es indicam um poss\u00edvel comprometimento da invas\u00e3o de trofoblasto e na angiog\u00eanese (forma\u00e7\u00e3o de novos vasos sangu\u00edneos) da placenta, explicou Heimann.<\/p>\n<p>\u201cIsso pode ter consequ\u00eancias para a intera\u00e7\u00e3o entre m\u00e3e e feto, como tamb\u00e9m limitar a nutri\u00e7\u00e3o e o crescimento fetal\u201d, afirmou.<\/p>\n<p>O artigo\u00a0Exposure to fine particulate matter in the air alters placental structure and the renin-angiotensin system\u00a0(doi: 10.1371\/journal.pone.0183314), de S\u00f4nia de F\u00e1tima Soto, Juliana Oliveira de Melo, Guilherme D\u2019Aprile Marchesi, Karen Lucasechi Lopes, Mariana Matera Veras, Ivone Braga de Oliveira, Regiane Machado de Souza, Isac de Castro, Luzia Na\u00f4ko Shinohara Furukawa, Paulo Hil\u00e1rio Nascimento Saldiva e Joel C. Heimann, pode ser lido em\u00a0.<\/p>\n","protected":false},"excerpt":{"rendered":"<p>Elton Alisson\u00a0 |\u00a0 Ag\u00eancia FAPESP\u00a0\u2013 A exposi\u00e7\u00e3o de gestantes \u00e0 polui\u00e7\u00e3o do ar durante a gravidez influencia o desenvolvimento do feto. A crian\u00e7a pode apresentar baixo peso ao nascer, al\u00e9m de ter aumentada a possibilidade de apresentar determinadas doen\u00e7as na vida adulta, de acordo com estudos realizados no Brasil e no exterior. Os mecanismos moleculares [&hellip;]<\/p>\n","protected":false},"author":2,"featured_media":37376,"comment_status":"open","ping_status":"closed","sticky":false,"template":"","format":"standard","meta":{"tdm_status":"","tdm_grid_status":"","footnotes":""},"categories":[22,5],"tags":[],"class_list":{"0":"post-124578","1":"post","2":"type-post","3":"status-publish","4":"format-standard","5":"has-post-thumbnail","7":"category-brasil","8":"category-saude-e-vida"},"_links":{"self":[{"href":"https:\/\/migracao.redenoticia.com.br\/noticia\/wp-json\/wp\/v2\/posts\/124578","targetHints":{"allow":["GET"]}}],"collection":[{"href":"https:\/\/migracao.redenoticia.com.br\/noticia\/wp-json\/wp\/v2\/posts"}],"about":[{"href":"https:\/\/migracao.redenoticia.com.br\/noticia\/wp-json\/wp\/v2\/types\/post"}],"author":[{"embeddable":true,"href":"https:\/\/migracao.redenoticia.com.br\/noticia\/wp-json\/wp\/v2\/users\/2"}],"replies":[{"embeddable":true,"href":"https:\/\/migracao.redenoticia.com.br\/noticia\/wp-json\/wp\/v2\/comments?post=124578"}],"version-history":[{"count":0,"href":"https:\/\/migracao.redenoticia.com.br\/noticia\/wp-json\/wp\/v2\/posts\/124578\/revisions"}],"wp:featuredmedia":[{"embeddable":true,"href":"https:\/\/migracao.redenoticia.com.br\/noticia\/wp-json\/wp\/v2\/media\/37376"}],"wp:attachment":[{"href":"https:\/\/migracao.redenoticia.com.br\/noticia\/wp-json\/wp\/v2\/media?parent=124578"}],"wp:term":[{"taxonomy":"category","embeddable":true,"href":"https:\/\/migracao.redenoticia.com.br\/noticia\/wp-json\/wp\/v2\/categories?post=124578"},{"taxonomy":"post_tag","embeddable":true,"href":"https:\/\/migracao.redenoticia.com.br\/noticia\/wp-json\/wp\/v2\/tags?post=124578"}],"curies":[{"name":"wp","href":"https:\/\/api.w.org\/{rel}","templated":true}]}}