{"id":124582,"date":"2017-10-31T00:28:41","date_gmt":"2017-10-31T02:28:41","guid":{"rendered":"https:\/\/www.redenoticia.com.br\/noticia\/?p=124582"},"modified":"2017-10-30T20:13:55","modified_gmt":"2017-10-30T22:13:55","slug":"educacao-univesp-tem-cursos-on-line-na-area-de-biologicas","status":"publish","type":"post","link":"https:\/\/migracao.redenoticia.com.br\/noticia\/2017\/educacao-univesp-tem-cursos-on-line-na-area-de-biologicas\/124582","title":{"rendered":"Educa\u00e7\u00e3o: Univesp tem cursos on-line na \u00e1rea de biol\u00f3gicas"},"content":{"rendered":"<p> Quer aumentar o conhecimento em um local de qualidade na \u00e1rea de cursos on-line? A Universidade Virtual do Estado de S\u00e3o Paulo (UNIVESP) conta com\u00a0 <strong><em>cursos livres<\/em><\/strong> e de extens\u00e3o para a popula\u00e7\u00e3o em geral, seguindo a filosofia do \u201cconhecimento como bem p\u00fablico\u201d<\/p>\n<p>Para quem \u00e9 da \u00e1rea de biol\u00f3gicas, a Universidade conta com 4 cursos:\u00a0Biomas do Brasil, Oceanografia \/ Sistema Bent\u00f4nico, Mudan\u00e7a Clim\u00e1tica Global e Zika V\u00edrus na escola. Para escolher o curso de maior interesse basta acessar este\u00a0.<\/p>\n<p>Biomas do Brasil<br \/>\nO programa \u00e9 uma s\u00e9rie de palestras do ciclo de confer\u00eancias Biota-2013, organizado pela coordena\u00e7\u00e3o do programa Biota-Fapesp.\u00a0<\/p>\n<p>Oceanografia \/ Sistema Bent\u00f4nico<br \/>\nAulas sobre os ecossistemas marinhos, com a professora Ana Maria Vanin, do Instituto Oceanogr\u00e1fico da USP.\u00a0<\/p>\n<p>Mudan\u00e7a Clim\u00e1tica Global<br \/>\nO professor Carlos Henrique de Brito explica como funciona o efeito estufa e suas consequ\u00eancias para o nosso planeta.\u00a0<\/p>\n<p>Zika V\u00edrus na escola<br \/>\nProfessores disponibilizam informa\u00e7\u00f5es sobre o v\u00edrus, os mosquitos transmissores, a febre do Zika e as consequ\u00eancias da doen\u00e7a.\u00a0<\/p>\n<p>Sobre a Univesp<br \/>\nCriada em 2008 como um programa do Governo do Estado, a UNIVESP se tornou a quarta universidade p\u00fablica paulista e oferece \u00e0 popula\u00e7\u00e3o de S\u00e3o Paulo um ensino superior p\u00fablico, gratuito, de qualidade e abrangente.<\/p>\n<p>Para garantir a qualidade e a abrang\u00eancia dos cursos, a Univesp possui parceria com alguns dos principais centros de ensino do Estado, como a Universidade de S\u00e3o Paulo (USP), Universidade Estadual de Campinas (Unicamp) e Universidade Estadual Paulista \u201cJ\u00falio de Mesquita Filho\u201d (Unesp), al\u00e9m da Funda\u00e7\u00e3o de Amparo \u00e0 Pesquisa do Estado de S\u00e3o Paulo (Fapesp), do Centro Estadual de Ensino Tecnol\u00f3gico Paula Souza (Ceeteps) e a Funda\u00e7\u00e3o Padre Anchieta (FPA).<\/p>\n<p>Do Portal do Governo SP<\/p>\n","protected":false},"excerpt":{"rendered":"<p>Quer aumentar o conhecimento em um local de qualidade na \u00e1rea de cursos on-line? A Universidade Virtual do Estado de S\u00e3o Paulo (UNIVESP) conta com\u00a0 cursos livres e de extens\u00e3o para a popula\u00e7\u00e3o em geral, seguindo a filosofia do \u201cconhecimento como bem p\u00fablico\u201d Para quem \u00e9 da \u00e1rea de biol\u00f3gicas, a Universidade conta com 4 [&hellip;]<\/p>\n","protected":false},"author":2,"featured_media":37419,"comment_status":"open","ping_status":"closed","sticky":false,"template":"","format":"standard","meta":{"tdm_status":"","tdm_grid_status":"","footnotes":""},"categories":[22,351,370],"tags":[],"class_list":{"0":"post-124582","1":"post","2":"type-post","3":"status-publish","4":"format-standard","5":"has-post-thumbnail","7":"category-brasil","8":"category-cursos","9":"category-inscricao"},"_links":{"self":[{"href":"https:\/\/migracao.redenoticia.com.br\/noticia\/wp-json\/wp\/v2\/posts\/124582","targetHints":{"allow":["GET"]}}],"collection":[{"href":"https:\/\/migracao.redenoticia.com.br\/noticia\/wp-json\/wp\/v2\/posts"}],"about":[{"href":"https:\/\/migracao.redenoticia.com.br\/noticia\/wp-json\/wp\/v2\/types\/post"}],"author":[{"embeddable":true,"href":"https:\/\/migracao.redenoticia.com.br\/noticia\/wp-json\/wp\/v2\/users\/2"}],"replies":[{"embeddable":true,"href":"https:\/\/migracao.redenoticia.com.br\/noticia\/wp-json\/wp\/v2\/comments?post=124582"}],"version-history":[{"count":0,"href":"https:\/\/migracao.redenoticia.com.br\/noticia\/wp-json\/wp\/v2\/posts\/124582\/revisions"}],"wp:featuredmedia":[{"embeddable":true,"href":"https:\/\/migracao.redenoticia.com.br\/noticia\/wp-json\/wp\/v2\/media\/37419"}],"wp:attachment":[{"href":"https:\/\/migracao.redenoticia.com.br\/noticia\/wp-json\/wp\/v2\/media?parent=124582"}],"wp:term":[{"taxonomy":"category","embeddable":true,"href":"https:\/\/migracao.redenoticia.com.br\/noticia\/wp-json\/wp\/v2\/categories?post=124582"},{"taxonomy":"post_tag","embeddable":true,"href":"https:\/\/migracao.redenoticia.com.br\/noticia\/wp-json\/wp\/v2\/tags?post=124582"}],"curies":[{"name":"wp","href":"https:\/\/api.w.org\/{rel}","templated":true}]}}