{"id":124584,"date":"2017-10-31T00:29:59","date_gmt":"2017-10-31T02:29:59","guid":{"rendered":"https:\/\/www.redenoticia.com.br\/noticia\/?p=124584"},"modified":"2017-10-30T20:15:32","modified_gmt":"2017-10-30T22:15:32","slug":"fatec-divulga-prazo-para-pedir-isencao-total-ou-parcial-da-taxa-do-vestibular","status":"publish","type":"post","link":"https:\/\/migracao.redenoticia.com.br\/noticia\/2017\/fatec-divulga-prazo-para-pedir-isencao-total-ou-parcial-da-taxa-do-vestibular\/124584","title":{"rendered":"Fatec divulga prazo para pedir isen\u00e7\u00e3o total ou parcial da taxa do vestibular"},"content":{"rendered":"<p> Os pedidos para isen\u00e7\u00e3o total ou de desconto de 50% na taxa de inscri\u00e7\u00e3o para o <strong><em>vestibular<\/em><\/strong> do primeiro semestre de 2018 das Faculdades T\u00e9cnicas do Estado (Fatecs) podem ser feitos desde segunda-feira (30).<\/p>\n<p>Os candidatos interessados devem fazer o pedido por formul\u00e1rio dispon\u00edvel no\u00a0at\u00e9 as 15h do dia 6 de novembro.<\/p>\n<p>\u00c9 poss\u00edvel pleitear os dois benef\u00edcios desde que o candidato preencha os requisitos necess\u00e1rios. Nesse caso, \u00e9 preciso fazer dois pedidos diferentes.<\/p>\n<p>Preenchido o formul\u00e1rio, o candidato deve guardar o n\u00famero do protocolo gerado pelo sistema para fazer a inscri\u00e7\u00e3o no envelope que ser\u00e1 entregue na sede da Fatec em que pretende estudar, tamb\u00e9m no per\u00edodo de 30 de outubro a 6 de novembro, das 9h \u00e0s 20h.<\/p>\n<p>Ao entregar o envelope com os documentos, o candidato deve preencher, assinar e entregar o formul\u00e1rio de solicita\u00e7\u00e3o do benef\u00edcio, dispon\u00edvel no, na se\u00e7\u00e3o Isen\u00e7\u00e3o\/Redu\u00e7\u00e3o. A resposta ser\u00e1 publicada no dia 28 de novembro, somente pela internet.<\/p>\n<p>Requisitos<br \/>\nPara pedir a isen\u00e7\u00e3o total, o candidato deve ter cursado integralmente o Ensino M\u00e9dio ou a Educa\u00e7\u00e3o de Jovens Adultos \u2013 EJA (supletivo) integralmente em escola p\u00fablica (estadual, municipal ou federal) ou em institui\u00e7\u00e3o privada, se tiver feito o curso com bolsa de estudos integral. A renda mensal familiar bruta \u00e9 de\u00a0at\u00e9\u00a0R$ 1.405,50 por pessoa. Se solteiro, a renda mensal deve estar limitada a esse valor.<\/p>\n<p>Para os pedidos de isen\u00e7\u00e3o parcial da taxa, o estudante deve estar regularmente matriculado na terceira s\u00e9rie do Ensino M\u00e9dio, em curso pr\u00e9-vestibular ou em curso superior de gradua\u00e7\u00e3o ou p\u00f3s-gradua\u00e7\u00e3o. A renda mensal deve ser de\u00a0at\u00e9\u00a0R$ 1.874,00 (dois sal\u00e1rios m\u00ednimos). Estudante desempregado tamb\u00e9m tem direito \u00e0 isen\u00e7\u00e3o.<\/p>\n<p>Vestibular<br \/>\nAp\u00f3s a divulga\u00e7\u00e3o da resposta no dia 28 de novembro, o candidato beneficiado deve fazer a sua inscri\u00e7\u00e3o para o vestibular, exclusivamente pela internet e apenas no curso que escolher, at\u00e9 7 de dezembro.<\/p>\n<p>Para mais informa\u00e7\u00f5es, acesse\u00a0\u00a0o Manual do Candidato. O valor para a taxa de inscri\u00e7\u00e3o \u00e9 de R$ 64,80.<\/p>\n<p>Do Portal do Governo SP<\/p>\n","protected":false},"excerpt":{"rendered":"<p>Os pedidos para isen\u00e7\u00e3o total ou de desconto de 50% na taxa de inscri\u00e7\u00e3o para o vestibular do primeiro semestre de 2018 das Faculdades T\u00e9cnicas do Estado (Fatecs) podem ser feitos desde segunda-feira (30). Os candidatos interessados devem fazer o pedido por formul\u00e1rio dispon\u00edvel no\u00a0at\u00e9 as 15h do dia 6 de novembro. \u00c9 poss\u00edvel pleitear [&hellip;]<\/p>\n","protected":false},"author":2,"featured_media":36244,"comment_status":"open","ping_status":"closed","sticky":false,"template":"","format":"standard","meta":{"tdm_status":"","tdm_grid_status":"","footnotes":""},"categories":[22,370,295],"tags":[],"class_list":{"0":"post-124584","1":"post","2":"type-post","3":"status-publish","4":"format-standard","5":"has-post-thumbnail","7":"category-brasil","8":"category-inscricao","9":"category-vestibular"},"_links":{"self":[{"href":"https:\/\/migracao.redenoticia.com.br\/noticia\/wp-json\/wp\/v2\/posts\/124584","targetHints":{"allow":["GET"]}}],"collection":[{"href":"https:\/\/migracao.redenoticia.com.br\/noticia\/wp-json\/wp\/v2\/posts"}],"about":[{"href":"https:\/\/migracao.redenoticia.com.br\/noticia\/wp-json\/wp\/v2\/types\/post"}],"author":[{"embeddable":true,"href":"https:\/\/migracao.redenoticia.com.br\/noticia\/wp-json\/wp\/v2\/users\/2"}],"replies":[{"embeddable":true,"href":"https:\/\/migracao.redenoticia.com.br\/noticia\/wp-json\/wp\/v2\/comments?post=124584"}],"version-history":[{"count":0,"href":"https:\/\/migracao.redenoticia.com.br\/noticia\/wp-json\/wp\/v2\/posts\/124584\/revisions"}],"wp:featuredmedia":[{"embeddable":true,"href":"https:\/\/migracao.redenoticia.com.br\/noticia\/wp-json\/wp\/v2\/media\/36244"}],"wp:attachment":[{"href":"https:\/\/migracao.redenoticia.com.br\/noticia\/wp-json\/wp\/v2\/media?parent=124584"}],"wp:term":[{"taxonomy":"category","embeddable":true,"href":"https:\/\/migracao.redenoticia.com.br\/noticia\/wp-json\/wp\/v2\/categories?post=124584"},{"taxonomy":"post_tag","embeddable":true,"href":"https:\/\/migracao.redenoticia.com.br\/noticia\/wp-json\/wp\/v2\/tags?post=124584"}],"curies":[{"name":"wp","href":"https:\/\/api.w.org\/{rel}","templated":true}]}}