{"id":124689,"date":"2017-10-31T16:50:17","date_gmt":"2017-10-31T18:50:17","guid":{"rendered":"https:\/\/www.redenoticia.com.br\/noticia\/?p=124689"},"modified":"2017-10-31T16:32:06","modified_gmt":"2017-10-31T18:32:06","slug":"resumo-novela-malhacao-0111-mitsuko-flagra-anderson-e-tina-juntos","status":"publish","type":"post","link":"https:\/\/migracao.redenoticia.com.br\/noticia\/2017\/resumo-novela-malhacao-0111-mitsuko-flagra-anderson-e-tina-juntos\/124689","title":{"rendered":"Resumo novela \u201cMalha\u00e7\u00e3o\u201d 01\/11: Mitsuko flagra Anderson e Tina juntos"},"content":{"rendered":"<p><img loading=\"lazy\" decoding=\"async\" class=\"alignleft size-thumbnail wp-image-110075\" src=\"https:\/\/migracao.redenoticia.com.br\/noticia\/imagens\/malhacao-viva-a-diferenca-150x112.jpg\" alt=\"\" width=\"150\" height=\"112\" srcset=\"https:\/\/migracao.redenoticia.com.br\/noticia\/imagens\/malhacao-viva-a-diferenca-150x112.jpg 150w, https:\/\/migracao.redenoticia.com.br\/noticia\/imagens\/malhacao-viva-a-diferenca-265x198.jpg 265w\" sizes=\"auto, (max-width: 150px) 100vw, 150px\" \/><strong><em>Resumo novela \u201cMalha\u00e7\u00e3o\u201d 01\/11<\/em><\/strong>: no cap\u00edtulo 126(*) da novela \u201cMalha\u00e7\u00e3o\u201d, resumo de quarta-feira, 01 de novembro, Clara revela a Malu que Edgar est\u00e1 lhe traindo e a professora avisa que a separa\u00e7\u00e3o custar\u00e1 caro ao empres\u00e1rio. Lica, MB e Felipe preparam a festa. Tina convence Ben\u00ea a ir \u00e0 festa de Lica, e Ellen afirma que n\u00e3o ir\u00e1. MB liga para Moqueca. Tina ajuda Ben\u00ea a se arrumar para a festa. Lica provoca Clara. Guto fica encantado com o visual de Ben\u00ea. Samantha mostra aos colegas o v\u00eddeo em que registrou Edgar embriagado no col\u00e9gio. Anderson n\u00e3o gosta de ver Moqueca chegar \u00e0 festa. Samantha beija Fio. Fio v\u00ea um rapaz roubando objetos da casa de Lica e avisa a Felipe e MB, que n\u00e3o d\u00e3o aten\u00e7\u00e3o. Anderson e Tina dormem juntos, e Mitsuko flagra os dois. Ben\u00ea v\u00ea Guto beijar Clara. Lica acaba desmaiando.<\/p>\n<p>(*) edi\u00e7\u00e3o da Rede Globo, Novela \u201cMalha\u00e7\u00e3o\u201d, sujeito a altera\u00e7\u00e3o de data e conte\u00fado.<\/p>\n<p>A vig\u00e9sima quinta temporada da s\u00e9rie de televis\u00e3o brasileira Malha\u00e7\u00e3o, produzida pela Rede Globo, \u00e9 escrita por Cao Hamburger, com colabora\u00e7\u00e3o de Jaqueline Vargas, Luciana Pessanha, Vitor Brandt e Carolina Ziskind, e conta com a dire\u00e7\u00e3o de Paulo Silvestrini. Pela primeira vez ap\u00f3s vinte e quatro temporadas, a novela ser\u00e1 ambientada nas zonas leste e sul da cidade de S\u00e3o Paulo. A trama \u00e9 protagonizada por Gabriela Medvedovski, Heslaine Vieira, Ana Hikari, Manoela Aliperti e Daphne Bozaski. O elenco tamb\u00e9m \u00e9 composto por Matheus Abreu, Hall Mendes, Juan Piava, Gabriel Calamari, Bruno Gadiol, Giovanna Grigio, Aline Fanju, L\u00facio Mauro Filho, Malu Galli, Angelo Ant\u00f4nio, Daniela Galli, Marcello Antony, Isabella Scherer, Talita Younan e Carol Macedo nos papeis principais.<\/p>\n","protected":false},"excerpt":{"rendered":"<p>Resumo novela \u201cMalha\u00e7\u00e3o\u201d 01\/11: no cap\u00edtulo 126(*) da novela \u201cMalha\u00e7\u00e3o\u201d, resumo de quarta-feira, 01 de novembro, Clara revela a Malu que Edgar est\u00e1 lhe traindo e a professora avisa que a separa\u00e7\u00e3o custar\u00e1 caro ao empres\u00e1rio. Lica, MB e Felipe preparam a festa. Tina convence Ben\u00ea a ir \u00e0 festa de Lica, e Ellen afirma [&hellip;]<\/p>\n","protected":false},"author":4,"featured_media":110072,"comment_status":"open","ping_status":"closed","sticky":false,"template":"","format":"standard","meta":{"tdm_status":"","tdm_grid_status":"","footnotes":""},"categories":[447,379,375,343],"tags":[441],"class_list":{"0":"post-124689","1":"post","2":"type-post","3":"status-publish","4":"format-standard","5":"has-post-thumbnail","7":"category-malhacao","8":"category-novelas","9":"category-rede-globo","10":"category-televisao","11":"tag-resumo-do-dia"},"_links":{"self":[{"href":"https:\/\/migracao.redenoticia.com.br\/noticia\/wp-json\/wp\/v2\/posts\/124689","targetHints":{"allow":["GET"]}}],"collection":[{"href":"https:\/\/migracao.redenoticia.com.br\/noticia\/wp-json\/wp\/v2\/posts"}],"about":[{"href":"https:\/\/migracao.redenoticia.com.br\/noticia\/wp-json\/wp\/v2\/types\/post"}],"author":[{"embeddable":true,"href":"https:\/\/migracao.redenoticia.com.br\/noticia\/wp-json\/wp\/v2\/users\/4"}],"replies":[{"embeddable":true,"href":"https:\/\/migracao.redenoticia.com.br\/noticia\/wp-json\/wp\/v2\/comments?post=124689"}],"version-history":[{"count":0,"href":"https:\/\/migracao.redenoticia.com.br\/noticia\/wp-json\/wp\/v2\/posts\/124689\/revisions"}],"wp:featuredmedia":[{"embeddable":true,"href":"https:\/\/migracao.redenoticia.com.br\/noticia\/wp-json\/wp\/v2\/media\/110072"}],"wp:attachment":[{"href":"https:\/\/migracao.redenoticia.com.br\/noticia\/wp-json\/wp\/v2\/media?parent=124689"}],"wp:term":[{"taxonomy":"category","embeddable":true,"href":"https:\/\/migracao.redenoticia.com.br\/noticia\/wp-json\/wp\/v2\/categories?post=124689"},{"taxonomy":"post_tag","embeddable":true,"href":"https:\/\/migracao.redenoticia.com.br\/noticia\/wp-json\/wp\/v2\/tags?post=124689"}],"curies":[{"name":"wp","href":"https:\/\/api.w.org\/{rel}","templated":true}]}}