{"id":124748,"date":"2017-11-01T16:48:28","date_gmt":"2017-11-01T18:48:28","guid":{"rendered":"https:\/\/www.redenoticia.com.br\/noticia\/?p=124748"},"modified":"2017-11-01T16:34:13","modified_gmt":"2017-11-01T18:34:13","slug":"resumo-novela-chiquititas-0211-dani-foge-e-volta-para-o-orfanato","status":"publish","type":"post","link":"https:\/\/migracao.redenoticia.com.br\/noticia\/2017\/resumo-novela-chiquititas-0211-dani-foge-e-volta-para-o-orfanato\/124748","title":{"rendered":"Resumo novela \u201cChiquititas\u201d 02\/11: Dani foge e volta para o orfanato"},"content":{"rendered":"<p><img loading=\"lazy\" decoding=\"async\" class=\"alignleft size-thumbnail wp-image-49690\" src=\"https:\/\/migracao.redenoticia.com.br\/noticia\/imagens\/chiquititas1-150x112.jpg\" alt=\"chiquititas\" width=\"150\" height=\"112\" \/><strong><em>Resumo novela \u201cChiquititas\u201d 02\/11<\/em><\/strong>: no cap\u00edtulo 298(*) da novela \u201cChiquititas\u201d, resumo de quinta-feira, 02 de novembro, Dona Gilda diz para Maria Cec\u00edlia e Tobias que n\u00e3o impedir\u00e1 que os dois fiquem juntos, mas que Eduarda \u00e9 muito complicada. O detector de mentiras n\u00e3o indica nenhum culpado e as chiquititas passam a acreditar que o e-mail foi hackeado. Dani diz ao pai que quer voltar ao orfanato, mas Bruno n\u00e3o gosta do que escuta e diz que n\u00e3o. Vivi e Pata recebem uma liga\u00e7\u00e3o da ag\u00eancia de modelos para que elas participem de um desfile. Na escola, Dani diz para as chiquititasmais pequenas que quer fugir de casa e que sente falta do orfanato. As meninas concordam. Gabriela, que pensa se chamar Sofia, prepara sua exposi\u00e7\u00e3o. Carmen compra uma r\u00e9plica do quadro que precisa entregar para Cintia em troca do sil\u00eancio a respeito de Gabriela. O movimento do Caf\u00e9 Boutique cresce consideravelmente ap\u00f3s o ingrediente secreto. Junior est\u00e1 com p\u00e9 atr\u00e1s com a novidade. As meninas menores ajudam Dani a se esconder no fundo da van do orfanato. Bruno liga para Carol e avisa que Dani n\u00e3o voltou da escola. Carol fica preocupada e pergunta para as chiquititas se elas sabem de alguma coisa. Carol pede para Matilde, que finge ser Ernestina, levar Pata e Vivi para o ensaio do desfile. Junior v\u00ea na internet uma not\u00edcia sobre uma exposi\u00e7\u00e3o de pinturas e acha que pode se tratar de telas pintadas por sua irm\u00e3, Gabriela. Dani fica escondida no quarto das meninas com a ajuda das pequeninas. Bruno vai ao orfanato. Junior visita a exposi\u00e7\u00e3o e acha os tra\u00e7os das pinturas similares aos utilizados por Gabriela.<\/p>\n<p>(*) edi\u00e7\u00e3o do SBT, Novela \u201cChiquititas\u201d, sujeito a altera\u00e7\u00e3o de data e conte\u00fado.<\/p>\n<p>Chiquititas gira em torno do orfanato Raio de Luz, que carrega em sua hist\u00f3ria um grande segredo envolvendo a fam\u00edlia e o dono do orfanato, Dr. Jos\u00e9 Ricardo Almeida Campos. Em um per\u00edodo anterior \u00e0 novela, exatos treze anos, sua filha Gabriela se apaixonou e ficou gr\u00e1vida de Miguel, filho de Valentina, empregada da casa dos Almeida Campos. Pouco depois, Jos\u00e9 Ricardo sequestrou sua neta, pois, como um homem conservador, ele n\u00e3o aceitava a ideia de que sua filha se envolvesse com um empregado. Como sua neta, Milena, apelidada como Mili, precisava de um lugar para morar, ele comprou um casar\u00e3o e fundou um orfanato, o Raio de Luz. Mili cresceu l\u00e1 com outras garotas que chegaram posteriormente: Bia, Ana, as irm\u00e3s Tati e Vivi, e Cris. Ao decorrer dos anos, elas se tornam uma fam\u00edlia. Elas s\u00e3o supervisionadas por Ernestina, zeladora do orfanato, e Chico, o cozinheiro amado pelas internas. Sofia, ex-governanta da fam\u00edlia Almeida Campos, \u00e9 a diretora do lugar, at\u00e9 que Carmem, irm\u00e3 de Jos\u00e9 Ricardo, entre em seu lugar. Chegam ainda mais \u00f3rf\u00e3os: Pata, Mosca, Binho e Rafa, que viviam nas ruas antes de entrarem na institui\u00e7\u00e3o. Pata e Mili tornam-se amigas rapidamente, enquanto Mosca, Binho e Rafa s\u00e3o os primeiros garotos a entrar no abrigo. As crian\u00e7as sem-teto foram ajudadas por uma doce e bela garota que tocam e mudam a vida delas, assim como as das garotas \u00f3rf\u00e3s.<\/p>\n","protected":false},"excerpt":{"rendered":"<p>Resumo novela \u201cChiquititas\u201d 02\/11: no cap\u00edtulo 298(*) da novela \u201cChiquititas\u201d, resumo de quinta-feira, 02 de novembro, Dona Gilda diz para Maria Cec\u00edlia e Tobias que n\u00e3o impedir\u00e1 que os dois fiquem juntos, mas que Eduarda \u00e9 muito complicada. O detector de mentiras n\u00e3o indica nenhum culpado e as chiquititas passam a acreditar que o e-mail [&hellip;]<\/p>\n","protected":false},"author":4,"featured_media":49690,"comment_status":"open","ping_status":"closed","sticky":false,"template":"","format":"standard","meta":{"tdm_status":"","tdm_grid_status":"","footnotes":""},"categories":[409,379,372,343],"tags":[441],"class_list":{"0":"post-124748","1":"post","2":"type-post","3":"status-publish","4":"format-standard","5":"has-post-thumbnail","7":"category-chiquititas","8":"category-novelas","9":"category-sbt","10":"category-televisao","11":"tag-resumo-do-dia"},"_links":{"self":[{"href":"https:\/\/migracao.redenoticia.com.br\/noticia\/wp-json\/wp\/v2\/posts\/124748","targetHints":{"allow":["GET"]}}],"collection":[{"href":"https:\/\/migracao.redenoticia.com.br\/noticia\/wp-json\/wp\/v2\/posts"}],"about":[{"href":"https:\/\/migracao.redenoticia.com.br\/noticia\/wp-json\/wp\/v2\/types\/post"}],"author":[{"embeddable":true,"href":"https:\/\/migracao.redenoticia.com.br\/noticia\/wp-json\/wp\/v2\/users\/4"}],"replies":[{"embeddable":true,"href":"https:\/\/migracao.redenoticia.com.br\/noticia\/wp-json\/wp\/v2\/comments?post=124748"}],"version-history":[{"count":0,"href":"https:\/\/migracao.redenoticia.com.br\/noticia\/wp-json\/wp\/v2\/posts\/124748\/revisions"}],"wp:featuredmedia":[{"embeddable":true,"href":"https:\/\/migracao.redenoticia.com.br\/noticia\/wp-json\/wp\/v2\/media\/49690"}],"wp:attachment":[{"href":"https:\/\/migracao.redenoticia.com.br\/noticia\/wp-json\/wp\/v2\/media?parent=124748"}],"wp:term":[{"taxonomy":"category","embeddable":true,"href":"https:\/\/migracao.redenoticia.com.br\/noticia\/wp-json\/wp\/v2\/categories?post=124748"},{"taxonomy":"post_tag","embeddable":true,"href":"https:\/\/migracao.redenoticia.com.br\/noticia\/wp-json\/wp\/v2\/tags?post=124748"}],"curies":[{"name":"wp","href":"https:\/\/api.w.org\/{rel}","templated":true}]}}