{"id":124753,"date":"2017-11-01T16:50:58","date_gmt":"2017-11-01T18:50:58","guid":{"rendered":"https:\/\/www.redenoticia.com.br\/noticia\/?p=124753"},"modified":"2017-11-01T16:36:50","modified_gmt":"2017-11-01T18:36:50","slug":"resumo-novela-malhacao-0211-mitsuko-avisa-a-tina-que-ela-vai-para-o-japao","status":"publish","type":"post","link":"https:\/\/migracao.redenoticia.com.br\/noticia\/2017\/resumo-novela-malhacao-0211-mitsuko-avisa-a-tina-que-ela-vai-para-o-japao\/124753","title":{"rendered":"Resumo novela \u201cMalha\u00e7\u00e3o\u201d 02\/11: Mitsuko avisa a Tina que ela vai para o Jap\u00e3o"},"content":{"rendered":"<p><img loading=\"lazy\" decoding=\"async\" class=\"alignleft size-thumbnail wp-image-110075\" src=\"https:\/\/migracao.redenoticia.com.br\/noticia\/imagens\/malhacao-viva-a-diferenca-150x112.jpg\" alt=\"\" width=\"150\" height=\"112\" srcset=\"https:\/\/migracao.redenoticia.com.br\/noticia\/imagens\/malhacao-viva-a-diferenca-150x112.jpg 150w, https:\/\/migracao.redenoticia.com.br\/noticia\/imagens\/malhacao-viva-a-diferenca-265x198.jpg 265w\" sizes=\"auto, (max-width: 150px) 100vw, 150px\" \/><strong><em>Resumo novela \u201cMalha\u00e7\u00e3o\u201d 02\/11<\/em><\/strong>: no cap\u00edtulo 127(*) da novela \u201cMalha\u00e7\u00e3o\u201d, resumo de quinta-feira, 02 de novembro, todos socorrem Lica, que \u00e9 levada para o hospital. Mitsuko repreende Tina e Anderson. Noboru busca Telma na casa de Josefina. O pai de Ben\u00ea e Julinho liga para Josefina, que tenta disfar\u00e7ar. Nena cuida de Lica e ouve quando Edgar questiona a filha sobre o desmaio. Mitsuko castiga Telma e Tina e exige que Ellen e Anderson n\u00e3o procurem mais pela filha. Cristiane, a m\u00e3e de Fio, pergunta para Ellen sobre o paradeiro do rapaz. MB e K1 contam sobre o acidente de carro que sofreram. Guto conversa com Samantha sobre Ben\u00ea. Ben\u00ea conta a Keyla que Juca a beijou na festa de Lica. Samantha revela a Ellen que viu os seguran\u00e7as que interromperam a festa falando com Fio. Leide repreende Lica. Mitsuko anuncia a Tina que ela ir\u00e1 para o Jap\u00e3o.<\/p>\n<p>(*) edi\u00e7\u00e3o da Rede Globo, Novela \u201cMalha\u00e7\u00e3o\u201d, sujeito a altera\u00e7\u00e3o de data e conte\u00fado.<\/p>\n<p>A vig\u00e9sima quinta temporada da s\u00e9rie de televis\u00e3o brasileira Malha\u00e7\u00e3o, produzida pela Rede Globo, \u00e9 escrita por Cao Hamburger, com colabora\u00e7\u00e3o de Jaqueline Vargas, Luciana Pessanha, Vitor Brandt e Carolina Ziskind, e conta com a dire\u00e7\u00e3o de Paulo Silvestrini. Pela primeira vez ap\u00f3s vinte e quatro temporadas, a novela ser\u00e1 ambientada nas zonas leste e sul da cidade de S\u00e3o Paulo. A trama \u00e9 protagonizada por Gabriela Medvedovski, Heslaine Vieira, Ana Hikari, Manoela Aliperti e Daphne Bozaski. O elenco tamb\u00e9m \u00e9 composto por Matheus Abreu, Hall Mendes, Juan Piava, Gabriel Calamari, Bruno Gadiol, Giovanna Grigio, Aline Fanju, L\u00facio Mauro Filho, Malu Galli, Angelo Ant\u00f4nio, Daniela Galli, Marcello Antony, Isabella Scherer, Talita Younan e Carol Macedo nos papeis principais.<\/p>\n","protected":false},"excerpt":{"rendered":"<p>Resumo novela \u201cMalha\u00e7\u00e3o\u201d 02\/11: no cap\u00edtulo 127(*) da novela \u201cMalha\u00e7\u00e3o\u201d, resumo de quinta-feira, 02 de novembro, todos socorrem Lica, que \u00e9 levada para o hospital. Mitsuko repreende Tina e Anderson. Noboru busca Telma na casa de Josefina. O pai de Ben\u00ea e Julinho liga para Josefina, que tenta disfar\u00e7ar. Nena cuida de Lica e ouve [&hellip;]<\/p>\n","protected":false},"author":4,"featured_media":110072,"comment_status":"open","ping_status":"closed","sticky":false,"template":"","format":"standard","meta":{"tdm_status":"","tdm_grid_status":"","footnotes":""},"categories":[447,379,375,343],"tags":[441],"class_list":{"0":"post-124753","1":"post","2":"type-post","3":"status-publish","4":"format-standard","5":"has-post-thumbnail","7":"category-malhacao","8":"category-novelas","9":"category-rede-globo","10":"category-televisao","11":"tag-resumo-do-dia"},"_links":{"self":[{"href":"https:\/\/migracao.redenoticia.com.br\/noticia\/wp-json\/wp\/v2\/posts\/124753","targetHints":{"allow":["GET"]}}],"collection":[{"href":"https:\/\/migracao.redenoticia.com.br\/noticia\/wp-json\/wp\/v2\/posts"}],"about":[{"href":"https:\/\/migracao.redenoticia.com.br\/noticia\/wp-json\/wp\/v2\/types\/post"}],"author":[{"embeddable":true,"href":"https:\/\/migracao.redenoticia.com.br\/noticia\/wp-json\/wp\/v2\/users\/4"}],"replies":[{"embeddable":true,"href":"https:\/\/migracao.redenoticia.com.br\/noticia\/wp-json\/wp\/v2\/comments?post=124753"}],"version-history":[{"count":0,"href":"https:\/\/migracao.redenoticia.com.br\/noticia\/wp-json\/wp\/v2\/posts\/124753\/revisions"}],"wp:featuredmedia":[{"embeddable":true,"href":"https:\/\/migracao.redenoticia.com.br\/noticia\/wp-json\/wp\/v2\/media\/110072"}],"wp:attachment":[{"href":"https:\/\/migracao.redenoticia.com.br\/noticia\/wp-json\/wp\/v2\/media?parent=124753"}],"wp:term":[{"taxonomy":"category","embeddable":true,"href":"https:\/\/migracao.redenoticia.com.br\/noticia\/wp-json\/wp\/v2\/categories?post=124753"},{"taxonomy":"post_tag","embeddable":true,"href":"https:\/\/migracao.redenoticia.com.br\/noticia\/wp-json\/wp\/v2\/tags?post=124753"}],"curies":[{"name":"wp","href":"https:\/\/api.w.org\/{rel}","templated":true}]}}